{"id":1129,"date":"2011-09-15T16:43:00","date_gmt":"2011-09-15T16:43:00","guid":{"rendered":"http:\/\/www.alberovagabondo.it\/?p=1129"},"modified":"2011-09-15T16:45:32","modified_gmt":"2011-09-15T16:45:32","slug":"risorse-naturali-e-ambiente-per-progettare-lo-sviluppo","status":"publish","type":"post","link":"https:\/\/www.alberovagabondo.it\/?p=1129","title":{"rendered":"Risorse naturali e ambiente per progettare lo sviluppo"},"content":{"rendered":"<div style=\"text-align: justify;\">\n<figure id=\"attachment_1131\" aria-describedby=\"caption-attachment-1131\" style=\"width: 150px\" class=\"wp-caption alignleft\"><a href=\"http:\/\/www.alberovagabondo.it\/?p=1129\"><img loading=\"lazy\" class=\"size-thumbnail wp-image-1131\" title=\"11\" src=\"http:\/\/www.alberovagabondo.it\/wp-content\/uploads\/2011\/09\/11-150x150.jpg\" alt=\"\" width=\"150\" height=\"150\" \/><\/a><figcaption id=\"caption-attachment-1131\" class=\"wp-caption-text\">Piana del Dragone, Volturara Irpina<\/figcaption><\/figure>\n<p>\u00abEconomia dell\u2019ambiente\u00bb \u00e8 stato il titolo del workshop si \u00e8 tenuto ieri, nelle sale del Castello di Manocalzati, all\u2019interno dell\u2019iniziativa di Amici della Terra Irpinia \u00abI corridoi fluviali irpini, tra i SIC i corridoi ecologici\u00bb. Il programma, nato per valorizzare la Rete Natura 2000 in Irpinia, terminer\u00e0 l\u20191 ottobre e ha avuto ieri, con gli interventi del prof. Giuseppe Marotta e della prof.ssa Concetta Nazzaro <!--more continua...--> dell\u2019Universit\u00e0 del Sannio, un momento importante di riflessione sulla attuale e futura programmazione finanziaria europea. Tra le criticit\u00e0 oramai note: Comuni che non sfruttano appieno la principale fonte di finanziamento rimasta; tecnici che suggeriscono agli agricoltori investimenti seriali come giganteschi trattori di cui non avevano bisogno venduti, poi, per pagarne le rate; agriturismi che decretano la chiusura dei piccoli ristoranti, visti i vantaggi fiscali inusitati di chi paga un cameriere come operaio agricolo e vende prodotti industriali. Il Piano di Sviluppo Rurale campano, progettato dallo stesso Marotta,  risult\u00f2 tra i primi dieci in Europa, ma \u00e8 stato snaturato nella sua attuazione. Gli stessi Progetti Integrati Rurali per le Aree Protette, nati per essere gestiti dagli Enti Parco &#8211; con risorse dimezzate, direttori in bilico e personale sotto organico &#8211; sono diventati un modo per utilizzare i progetti degli Uffici tecnici invece di rispondere all\u2019effettivo fabbisogno del territorio. E anche stavolta, come nella programmazione 2000-2006, non c\u2019\u00e8 stata sensibilizzazione, coinvolgimento e partecipazione di Comuni, tecnici e associazioni professionali e di categoria. Una lezione, forse, per il nuovo Piano di Sviluppo Rurale che partir\u00e0 nel 2014, ma che dovr\u00e0 essere progettato gi\u00e0 a partire dal 2012.<\/p>\n<figure id=\"attachment_1132\" aria-describedby=\"caption-attachment-1132\" style=\"width: 150px\" class=\"wp-caption alignright\"><img loading=\"lazy\" class=\"size-thumbnail wp-image-1132\" title=\"Giuseppe Marotta\" src=\"http:\/\/www.alberovagabondo.it\/wp-content\/uploads\/2011\/09\/Giuseppe-Marotta-150x150.jpg\" alt=\"\" width=\"150\" height=\"150\" \/><figcaption id=\"caption-attachment-1132\" class=\"wp-caption-text\">Prof. Giuseppe Marotta<\/figcaption><\/figure>\n<p>Secondo Marotta  \u00e8 davvero possibile un nuovo modello di sviluppo? \u00abSta nascendo in Europa una nuova visione di sviluppo che considera le risorse naturali e l\u2019ambiente come fattori strategici. L\u2019ambiente non viene pi\u00f9 visto come un problema e un costo per le imprese, ma come una risorsa da valorizzare, nell\u2019ottica della green economy. Si va verso un modello di responsabilit\u00e0 sociale e l\u2019impresa non persegue meramente il profitto, ma il bene comune tenendo conto di valori condivisi: ambientali, sociali, economici. E\u2019 questo un modello di sviluppo sostenibile perseguito anche dalla nuova agricoltura europea che vuole essere competitiva, sostenibile e integrarsi con il territorio. E\u2019 uno sviluppo multifunzionale che contempla i beni pubblici associati alla produzione di beni e servizi: il paesaggio, la tutela del territorio, i valori sociali connessi alle attivit\u00e0 agricole. Si apre, cos\u00ec, una nuova prospettiva anche per le piccole imprese delle aree interne della Campania, svantaggiate da un modello basato su un\u2019economia di scala che, attraverso il modello multifunzionale, possono integrarsi con il territorio e in rete con le altre imprese\u00bb.<br \/>\nQuesto in teoria, ma in pratica?<br \/>\n\u00abLa regione Campania, come anche altre regioni,  &#8211; spiega Marotta &#8211; ha avuto difficolt\u00e0 nell\u2019attuazione degli strumenti comunitari e ci\u00f2 che si era immaginato come strumento innovativo, a causa di ristrettezze finanziarie e visioni legate a logiche del passato, non si \u00e8 sviluppato adeguatamente\u00bb.<br \/>\nPermangono cos\u00ec le barriere per i piccoli produttori.<br \/>\n\u00abAttualmente per l\u2019Europa &#8211; dice Marotta &#8211; il progetto di investimento deve avere una validit\u00e0 economica. Regole come, ad esempio, l\u2019igiene, la sicurezza e il benessere degli animali, sono vincoli che incidono negativamente soprattutto sulla piccola impresa. E\u2019 un problema di tipo economico e finanziario, ma anche culturale, visto che spesso si tratta di agricoltori anziani, meno propensi all\u2019innovazione e pi\u00f9 conservatori. Certo potrebbero accedere alle misure dell\u2019Asse II, quelle per la biodiversit\u00e0, ma non hanno una valenza economica vera e propria. Dal 2014, da quello che si evince dai primi documenti, ci sar\u00e0 una maggiore attenzione. L\u2019Europa fornisce una cornice, star\u00e0 alle regioni, adesso, individuare gli strumenti adatti per tutelare le piccole imprese agricole\u00bb.&nbsp;<\/p>\n<p><em>Autore Virginiano Spiniello, Il Mattino di Avellino, 15 settembre 2011<br \/>\n<\/em><\/p>\n<\/div>\n","protected":false},"excerpt":{"rendered":"<p>\u00abEconomia dell\u2019ambiente\u00bb \u00e8 stato il titolo del workshop si \u00e8 tenuto ieri, nelle sale del Castello di Manocalzati, all\u2019interno dell\u2019iniziativa di Amici della Terra Irpinia \u00abI corridoi fluviali irpini, tra i SIC i corridoi ecologici\u00bb. Il programma, nato per valorizzare la Rete Natura 2000 in Irpinia, terminer\u00e0 l\u20191 ottobre e ha avuto ieri, con gli &hellip; <a href=\"https:\/\/www.alberovagabondo.it\/?p=1129\" class=\"more-link\">Continua la lettura di <span class=\"screen-reader-text\">Risorse naturali e ambiente per progettare lo sviluppo<\/span> <span class=\"meta-nav\">&rarr;<\/span><\/a><\/p>\n","protected":false},"author":1,"featured_media":0,"comment_status":"open","ping_status":"open","sticky":false,"template":"","format":"standard","meta":{"ngg_post_thumbnail":0},"categories":[63],"tags":[87,88],"_links":{"self":[{"href":"https:\/\/www.alberovagabondo.it\/index.php?rest_route=\/wp\/v2\/posts\/1129"}],"collection":[{"href":"https:\/\/www.alberovagabondo.it\/index.php?rest_route=\/wp\/v2\/posts"}],"about":[{"href":"https:\/\/www.alberovagabondo.it\/index.php?rest_route=\/wp\/v2\/types\/post"}],"author":[{"embeddable":true,"href":"https:\/\/www.alberovagabondo.it\/index.php?rest_route=\/wp\/v2\/users\/1"}],"replies":[{"embeddable":true,"href":"https:\/\/www.alberovagabondo.it\/index.php?rest_route=%2Fwp%2Fv2%2Fcomments&post=1129"}],"version-history":[{"count":4,"href":"https:\/\/www.alberovagabondo.it\/index.php?rest_route=\/wp\/v2\/posts\/1129\/revisions"}],"predecessor-version":[{"id":1136,"href":"https:\/\/www.alberovagabondo.it\/index.php?rest_route=\/wp\/v2\/posts\/1129\/revisions\/1136"}],"wp:attachment":[{"href":"https:\/\/www.alberovagabondo.it\/index.php?rest_route=%2Fwp%2Fv2%2Fmedia&parent=1129"}],"wp:term":[{"taxonomy":"category","embeddable":true,"href":"https:\/\/www.alberovagabondo.it\/index.php?rest_route=%2Fwp%2Fv2%2Fcategories&post=1129"},{"taxonomy":"post_tag","embeddable":true,"href":"https:\/\/www.alberovagabondo.it\/index.php?rest_route=%2Fwp%2Fv2%2Ftags&post=1129"}],"curies":[{"name":"wp","href":"https:\/\/api.w.org\/{rel}","templated":true}]}}