{"id":1282,"date":"2011-10-19T16:06:34","date_gmt":"2011-10-19T16:06:34","guid":{"rendered":"http:\/\/www.alberovagabondo.it\/?p=1282"},"modified":"2011-10-19T16:10:11","modified_gmt":"2011-10-19T16:10:11","slug":"rapaci-e-uccelli-rari-dalta-irpinia-decimati-dalle-pale-eoliche","status":"publish","type":"post","link":"https:\/\/www.alberovagabondo.it\/?p=1282","title":{"rendered":"Rapaci e uccelli rari d&#8217;Alta Irpinia decimati dalle pale eoliche"},"content":{"rendered":"<div style=\"text-align: justify;\"><a href=\"http:\/\/www.alberovagabondo.it\/?p=1282\"><\/a><a href=\"http:\/\/www.alberovagabondo.it\/wp-content\/uploads\/2011\/10\/cicogna-nera-giovane-in-volo-foto-m-mendi_.jpg\"><img loading=\"lazy\" class=\"alignleft size-thumbnail wp-image-1314\" title=\"cicogna-nera-giovane-in-volo-foto-m-mendi_\" src=\"http:\/\/www.alberovagabondo.it\/wp-content\/uploads\/2011\/10\/cicogna-nera-giovane-in-volo-foto-m-mendi_-150x150.jpg\" alt=\"\" width=\"150\" height=\"150\" \/><\/a>Se io fossi una cicogna mi rifiuterei di portare ancora bambini, di  sudare e farmi in quattro per noi umani. Magari per correre il rischio,  drammaticamente realistico, di essere tagliata in due da un mulino a  vento d\u2019acciaio di cui non sospettavo minimamente l\u2019esistenza.<br \/>\nDue delle dieci coppie di cicogna nera italiana vivono nell\u2019Irpinia  d\u2019Oriente ed \u00e8 qui che la  Regione Campania ha gi\u00e0 autorizzato 19 torri a  Monteverde, 4 ad Aquilonia e, nella vicina Lacedonia, \u00e8 stato  presentato un progetto di ben 33 torri. <strong>Vincenzo Cripezzi<\/strong>, responsabile <strong>LIPU<\/strong> Pugliese, scruta le torri sui crinali e, da anni, continua la sua  battaglia contro l\u2019installazione di centrali eoliche nel nostro  meridione nelle aree soggette a vincoli ambientali.<!--more continua...-->Come Don Chisciotte si scontra contro giganti veri, inesorabili, che si moltiplicano nelle aree indifese del meridione. <strong> <\/strong><\/div>\n<div style=\"text-align: justify;\"><strong>Quale \u00e8 la situazione per la cicogna nera dell\u2019Ofanto?<\/strong><br \/>\nLa cicogna nera a differenza della bianca, che \u00e8 molto diffusa e non teme le zone antropizzate, \u00e8\u00a0 molto rara, schiva e ha bisogno di un habitat pi\u00f9 selvaggio, con zone molto pescose, ricche di nutrimento. Necessita di un territorio molto ampio e la presenza di rotori lungo i crinali sarebbe disastrosa, soprattutto in fase riproduttiva. E\u2019 un indicatore della buona salute del territorio, un po\u2019 come la lontra, ancora presente in quest\u2019area.<strong> <\/strong>Oltre a due delle dieci coppie di Cicogna nera italiane, sono presenti Nibbio reale e Nibbio bruno, il falco Lanario, il pi\u00f9 raro d\u2019Italia e anche il Falco pellegrino, l\u2019Averla piccola, il Biancone che rendono ancora pi\u00f9 scandalosa la collocazione di queste gigantesche macchine industriali.\u00a0 Questa zona era un dormitorio per i nibbi che adesso da pi\u00f9 di un centinaio sono diventati poche decine e, parallelamente, sono apparse centinaia e centinaia di pale eoliche.<strong><br \/>\n<\/strong><\/div>\n<div style=\"text-align: justify;\"><strong>Chi subisce, oltre i rapaci, l\u2019impatto maggiore? <\/strong><strong> <\/strong><br \/>\nLe questioni sono di diverso tipo: aree soggette a vincoli naturalistici, danni per l\u2019avifauna, impatto e costo beneficio nullo se non sostenuto dagli incentivi. Si pensi che i vecchi impianti a volte non hanno nemmeno gli elettrodotti adatti a trasportare il surplus di energia generata dalle pale quando c\u2019\u00e8 molto vento. E il bello \u00e8 che se il Gestore non riesce a immetterla in rete c\u2019\u00e8 un rimborso &#8211; pagato da noi utenti &#8211; per l\u2019azienda proprietaria dell\u2019impianto. Soffermiamoci un attimo sui lavori di scavo, la realizzazione delle strade in aperta campagna per permettere ai tir di arrivare ai piloni e installare i rotori, la costruzione di elettrodotti che stravolgono un paesaggio che sar\u00e0 poi compromesso definitivamente dalle selve di turbine installate selvaggiamente.<strong><br \/>\n<\/strong><\/div>\n<div style=\"text-align: justify;\"><strong>E per limitare i danni dell\u2019energia pulita cosa fanno i nostri governanti?<\/strong> <strong> <\/strong><br \/>\nLa regione Campania si \u00e8 svegliata dal profondo letargo, ma la montagna ha partorito il topolino. Invece di studiare ed\u00a0elaborare una rigida vincolistica territoriale ha individuato sommariamente una generalizzata distanza di 800 metri delle nuove pale da realizzarsi rispetto a quelle esistenti o autorizzate. Questo esemplifica lo stato di \u201costaggio\u201d in cui il governo regionale si trova e per cui non ha saputo fare di pi\u00f9, esponendosi di fatto alle censure di carattere amministrativo rispetto alle linee guida nazionali. Il Governo, infatti, assurdamente non tenendo conto nemmeno della saturazione territoriale di aree gravemente compromesse come l\u2019Irpinia (ma anche il Beneventano \u00e8 gi\u00e0 un disastro), ha impugnato la predetta legge dinanzi alla Corte Costituzionale, malgrado\u00a0 rappresentasse una misura tardiva e minimale per quanto rocambolesca.<\/div>\n<div style=\"text-align: justify;\">\n<p><strong>E i nuovi progetti in Irpinia a che punto sono?<br \/>\n<\/strong>Diversi progetti nell\u2019area irpina sono stati oggetto di sospensione delle conferenze di servizi, ufficialmente non sappiamo il motivo. Tuttavia diversi di questi <em>ulteriori<\/em> progetti erano stati oggetto di osservazioni e controdeduzioni da parte della LIPU ed altre associazioni. Intanto sul caso specifico dei progetti gi\u00e0 approvati la Regione Campania non ci ha ancora risposto. E per una istituzione che si rispetti questo \u00e8 quanto meno imbarazzante!<\/p>\n<p><strong>Se dovessi fare una analisi energetica delle fonti di energia rinnovabile, come sarebbe?<br \/>\n<\/strong>Impietosa. Anche il fotovoltaico avanza ma in maniera anch\u2019esso non del tutto etica. Distese\u00a0allucinanti di pannelli divorano le campagne nella deregolamentazione complessiva, in parte e tardivamente arginata solo dal recente decreto \u201cRomani\u201d che ha cancellato gli incentivi al nuovo fotovoltaico su suolo agricolo oltre 1 MW (2  ettari).\u00a0In ogni caso l\u2019avanzata del fotovoltaico ha superato la soglia\u00a0di 8000 MW prevista al 2020\u00a0e anche la potenza eolica in esercizio (6000 MW a fine 2010). Il Governo ha cosi fatto lievitare le previsioni della soglia di potenza fotovoltaica da perseguire portandola a 23.000 MW gi\u00e0 al 2016. <strong>L\u2019energia derivante da questi 23.000 MW di potenza fotovoltaica permetterebbe, con 4 anni di anticipo sulle scadenze comunitarie del 2020, di compensare anche tutta l\u2019energia dei 12.000 MW eolici previsti al 2020 dallo Stato (l\u2019ANEV preme scandalosamente per imporre\u00a0oltre 16.000!<\/strong>)<strong>. <\/strong>Pertanto, rispetto agli obiettivi comunitari nel comparto elettrico gi\u00e0 i 6000 MW\u00a0eolici impunemente\u00a0realizzati sono un surplus inutile, quindi ancor pi\u00f9 la valanga eolica da realizzarsi (per altro in aree sempre meno produttive). Qualcuno obietterebbe \u201csi ma che male c\u2019\u00e8 se andiamo oltre gli obiettivi, \u00e8 pur sempre energia pulita&#8230;\u201d. In realt\u00e0 ci\u00f2 si traduce in un grave danno alle strategie di decarbonizzazione dell\u2019Italia poich\u00e9 quelle risorse derivano\u00a0dalle tariffe energetiche e quindi dalle bollette delle imprese e degli italiani con danno all\u2019economia e con la spinta a delocalizzare le stesse produzioni energivore in paesi a bassi costi energetici a base di carbone. Quelle stesse risorse potrebbero essere\u00a0pi\u00f9 utilmente\u00a0impegnate nella politica energetica \u00a0a cominciare dai settori fortemente energivori come i trasporti, o nell\u2019efficientamento energetico dei processi e degli edifici, o nelle rinnovabili termiche per il\u00a0raffrescamento e riscaldamento. Tutti comparti dove siamo al palo, a differenza del comparto elettrico. E infine le risorse dovrebbero essere impegnate nella ricerca, assolutamente fondamentale e strategica\u00a0 perch\u00e8 il contributo delle nuove rinnovabili non rimanga del tutto infinitesimo. Infatti il contributo sostanziale viene dalle rinnovabili tradizionali come idroelettrico e geotermico. A regime l\u2019apporto di Eolico o Fotovoltaico sar\u00e0\u00a0dell\u2019ordine dell\u20191-2 % dell\u2019energia complessiva e non potr\u00e0 essere questo il futuro, per di pi\u00f9 a fronte di un Paese devastato e consegnato agli speculatori.<br \/>\n<strong> <\/strong><\/p>\n<p><strong>E poi non \u00e8 un belvedere, questo non dimentichiamocelo\u2026<br \/>\n<\/strong>Insieme al castello di Monteverde, alle zone archeologiche di Aquilonia, anche gli animali avrebbero potuto essere monetizzati. Al nord fanno costosi programmi di reintroduzione, riescono a monetizzare tutto. Noi che abbiamo la lontra, il nibbio reale, la cicogna nera stiamo distruggendo il nostro paesaggio rurale. Qui si possono impunemente realizzare impianti eolici, fotovoltaico a terra, inceneritori, discariche, strade inutili, ma guai a parlare di storia, paesaggio, identit\u00e0, in breve, guai a parlare di orgoglio e dignit\u00e0, guai a parlare di vero cambiamento e di sviluppo sostenibile. A salvare il nostro territorio, a custodirlo con l\u2019atteggiamento del \u201cbuon padre di famiglia\u201d ci sarebbe tutto da guadagnare perch\u00e9 \u00e8 l\u2019unico valore produttivo che non sar\u00e0 mai delocalizzabile in Cina o altrove. Ma questo politici e Amministratori sembrano non volerlo capire.<\/p>\n<p><em> Autore Virginiano Spiniello, su <a href=\"http:\/\/www.ilcambiamento.it\/estinzione\/cicogna_nera_centrali_eoliche_campania.html\">Il Cambiamento<\/a><\/em> del 4 ottobre.<br \/>\n<!-- index.php -->\n<div\n\tclass=\"ngg-galleryoverview ngg-ajax-pagination-none\"\n\tid=\"ngg-gallery-1c078075e7cb1b12bf519aa1ed309c29-1\">\n\n    \t<div class=\"slideshowlink\">\n        <a href='https:\/\/www.alberovagabondo.it\/index.php\/nggallery\/slideshow?p=1282'>[Show as slideshow]<\/a>\n\t\t\n\t<\/div>\n\t\t\t<!-- Thumbnails -->\n\t\t\t\t<div id=\"ngg-image-0\" class=\"ngg-gallery-thumbnail-box\" >\n\t\t\t\t        <div class=\"ngg-gallery-thumbnail\">\n            <a href=\"https:\/\/www.alberovagabondo.it\/wp-content\/gallery\/cicogna-nera-ofanto\/cicogna-nera-giancarlo-silveri-2.jpg\"\n               title=\"Foto fornite da Enzo Cripezzi, responsabile Lipu Capitanata. Di Giancarlo Silveri\"\n               data-src=\"https:\/\/www.alberovagabondo.it\/wp-content\/gallery\/cicogna-nera-ofanto\/cicogna-nera-giancarlo-silveri-2.jpg\"\n               data-thumbnail=\"https:\/\/www.alberovagabondo.it\/wp-content\/gallery\/cicogna-nera-ofanto\/thumbs\/thumbs_cicogna-nera-giancarlo-silveri-2.jpg\"\n               data-image-id=\"825\"\n               data-title=\"cicogna-nera-giancarlo-silveri-2\"\n               data-description=\"Foto fornite da Enzo Cripezzi, responsabile Lipu Capitanata. Di Giancarlo Silveri\"\n               data-image-slug=\"cicogna-nera-giancarlo-silveri-2\"\n               class=\"shutterset_1c078075e7cb1b12bf519aa1ed309c29\">\n                <img\n                    title=\"cicogna-nera-giancarlo-silveri-2\"\n                    alt=\"cicogna-nera-giancarlo-silveri-2\"\n                    src=\"https:\/\/www.alberovagabondo.it\/wp-content\/gallery\/cicogna-nera-ofanto\/thumbs\/thumbs_cicogna-nera-giancarlo-silveri-2.jpg\"\n                    width=\"100\"\n                    height=\"75\"\n                    style=\"max-width:100%;\"\n                \/>\n            <\/a>\n        <\/div>\n\t\t\t\t\t\t\t<\/div> \n\t\t\t\n        \n\t\t\t\t<div id=\"ngg-image-1\" class=\"ngg-gallery-thumbnail-box\" >\n\t\t\t\t        <div class=\"ngg-gallery-thumbnail\">\n            <a href=\"https:\/\/www.alberovagabondo.it\/wp-content\/gallery\/cicogna-nera-ofanto\/cicogna-nera-giovane-in-volo-foto-m-mendi_.jpg\"\n               title=\"Foto fornite da Enzo Cripezzi, responsabile Lipu Capitanata. Di M. Mendi\"\n               data-src=\"https:\/\/www.alberovagabondo.it\/wp-content\/gallery\/cicogna-nera-ofanto\/cicogna-nera-giovane-in-volo-foto-m-mendi_.jpg\"\n               data-thumbnail=\"https:\/\/www.alberovagabondo.it\/wp-content\/gallery\/cicogna-nera-ofanto\/thumbs\/thumbs_cicogna-nera-giovane-in-volo-foto-m-mendi_.jpg\"\n               data-image-id=\"826\"\n               data-title=\"cicogna-nera-giovane-in-volo-foto-m-mendi_\"\n               data-description=\"Foto fornite da Enzo Cripezzi, responsabile Lipu Capitanata. Di M. Mendi\"\n               data-image-slug=\"cicogna-nera-giovane-in-volo-foto-m-mendi_\"\n               class=\"shutterset_1c078075e7cb1b12bf519aa1ed309c29\">\n                <img\n                    title=\"cicogna-nera-giovane-in-volo-foto-m-mendi_\"\n                    alt=\"cicogna-nera-giovane-in-volo-foto-m-mendi_\"\n                    src=\"https:\/\/www.alberovagabondo.it\/wp-content\/gallery\/cicogna-nera-ofanto\/thumbs\/thumbs_cicogna-nera-giovane-in-volo-foto-m-mendi_.jpg\"\n                    width=\"100\"\n                    height=\"75\"\n                    style=\"max-width:100%;\"\n                \/>\n            <\/a>\n        <\/div>\n\t\t\t\t\t\t\t<\/div> \n\t\t\t\n        \n\t\t\t\t<div id=\"ngg-image-2\" class=\"ngg-gallery-thumbnail-box\" >\n\t\t\t\t        <div class=\"ngg-gallery-thumbnail\">\n            <a href=\"https:\/\/www.alberovagabondo.it\/wp-content\/gallery\/cicogna-nera-ofanto\/cicogna-nera-mravasini.jpg\"\n               title=\"Foto fornite da Enzo Cripezzi, responsabile Lipu Capitanata. Di M. Ravasini\"\n               data-src=\"https:\/\/www.alberovagabondo.it\/wp-content\/gallery\/cicogna-nera-ofanto\/cicogna-nera-mravasini.jpg\"\n               data-thumbnail=\"https:\/\/www.alberovagabondo.it\/wp-content\/gallery\/cicogna-nera-ofanto\/thumbs\/thumbs_cicogna-nera-mravasini.jpg\"\n               data-image-id=\"827\"\n               data-title=\"cicogna-nera-mravasini\"\n               data-description=\"Foto fornite da Enzo Cripezzi, responsabile Lipu Capitanata. Di M. Ravasini\"\n               data-image-slug=\"cicogna-nera-mravasini\"\n               class=\"shutterset_1c078075e7cb1b12bf519aa1ed309c29\">\n                <img\n                    title=\"cicogna-nera-mravasini\"\n                    alt=\"cicogna-nera-mravasini\"\n                    src=\"https:\/\/www.alberovagabondo.it\/wp-content\/gallery\/cicogna-nera-ofanto\/thumbs\/thumbs_cicogna-nera-mravasini.jpg\"\n                    width=\"100\"\n                    height=\"75\"\n                    style=\"max-width:100%;\"\n                \/>\n            <\/a>\n        <\/div>\n\t\t\t\t\t\t\t<\/div> \n\t\t\t\n        \n\t\t\t\t<div id=\"ngg-image-3\" class=\"ngg-gallery-thumbnail-box\" >\n\t\t\t\t        <div class=\"ngg-gallery-thumbnail\">\n            <a href=\"https:\/\/www.alberovagabondo.it\/wp-content\/gallery\/cicogna-nera-ofanto\/cicognanera8847giuliopiras.jpg\"\n               title=\"Foto fornite da Enzo Cripezzi, responsabile Lipu Capitanata. Di Giulio Piras\"\n               data-src=\"https:\/\/www.alberovagabondo.it\/wp-content\/gallery\/cicogna-nera-ofanto\/cicognanera8847giuliopiras.jpg\"\n               data-thumbnail=\"https:\/\/www.alberovagabondo.it\/wp-content\/gallery\/cicogna-nera-ofanto\/thumbs\/thumbs_cicognanera8847giuliopiras.jpg\"\n               data-image-id=\"828\"\n               data-title=\"cicognanera8847giuliopiras\"\n               data-description=\"Foto fornite da Enzo Cripezzi, responsabile Lipu Capitanata. Di Giulio Piras\"\n               data-image-slug=\"cicognanera8847giuliopiras\"\n               class=\"shutterset_1c078075e7cb1b12bf519aa1ed309c29\">\n                <img\n                    title=\"cicognanera8847giuliopiras\"\n                    alt=\"cicognanera8847giuliopiras\"\n                    src=\"https:\/\/www.alberovagabondo.it\/wp-content\/gallery\/cicogna-nera-ofanto\/thumbs\/thumbs_cicognanera8847giuliopiras.jpg\"\n                    width=\"100\"\n                    height=\"75\"\n                    style=\"max-width:100%;\"\n                \/>\n            <\/a>\n        <\/div>\n\t\t\t\t\t\t\t<\/div> \n\t\t\t\n        \n\t\t\t\t<div id=\"ngg-image-4\" class=\"ngg-gallery-thumbnail-box\" >\n\t\t\t\t        <div class=\"ngg-gallery-thumbnail\">\n            <a href=\"https:\/\/www.alberovagabondo.it\/wp-content\/gallery\/cicogna-nera-ofanto\/img_1450.jpg\"\n               title=\"Foto fornite da Enzo Cripezzi, responsabile Lipu Capitanata. Di E Cripezzi\"\n               data-src=\"https:\/\/www.alberovagabondo.it\/wp-content\/gallery\/cicogna-nera-ofanto\/img_1450.jpg\"\n               data-thumbnail=\"https:\/\/www.alberovagabondo.it\/wp-content\/gallery\/cicogna-nera-ofanto\/thumbs\/thumbs_img_1450.jpg\"\n               data-image-id=\"829\"\n               data-title=\"img_1450\"\n               data-description=\"Foto fornite da Enzo Cripezzi, responsabile Lipu Capitanata. Di E Cripezzi\"\n               data-image-slug=\"img_1450\"\n               class=\"shutterset_1c078075e7cb1b12bf519aa1ed309c29\">\n                <img\n                    title=\"img_1450\"\n                    alt=\"img_1450\"\n                    src=\"https:\/\/www.alberovagabondo.it\/wp-content\/gallery\/cicogna-nera-ofanto\/thumbs\/thumbs_img_1450.jpg\"\n                    width=\"100\"\n                    height=\"75\"\n                    style=\"max-width:100%;\"\n                \/>\n            <\/a>\n        <\/div>\n\t\t\t\t\t\t\t<\/div> \n\t\t\t\n        \n\t\t\t\t<div id=\"ngg-image-5\" class=\"ngg-gallery-thumbnail-box\" >\n\t\t\t\t        <div class=\"ngg-gallery-thumbnail\">\n            <a href=\"https:\/\/www.alberovagabondo.it\/wp-content\/gallery\/cicogna-nera-ofanto\/nibbio-reale-ucciso-da-pale-eoliche.jpg\"\n               title=\"Foto fornite da Enzo Cripezzi, responsabile Lipu Capitanata. Di E Cripezzi\"\n               data-src=\"https:\/\/www.alberovagabondo.it\/wp-content\/gallery\/cicogna-nera-ofanto\/nibbio-reale-ucciso-da-pale-eoliche.jpg\"\n               data-thumbnail=\"https:\/\/www.alberovagabondo.it\/wp-content\/gallery\/cicogna-nera-ofanto\/thumbs\/thumbs_nibbio-reale-ucciso-da-pale-eoliche.jpg\"\n               data-image-id=\"830\"\n               data-title=\"nibbio-reale-ucciso-da-pale-eoliche\"\n               data-description=\"Foto fornite da Enzo Cripezzi, responsabile Lipu Capitanata. Di E Cripezzi\"\n               data-image-slug=\"nibbio-reale-ucciso-da-pale-eoliche\"\n               class=\"shutterset_1c078075e7cb1b12bf519aa1ed309c29\">\n                <img\n                    title=\"nibbio-reale-ucciso-da-pale-eoliche\"\n                    alt=\"nibbio-reale-ucciso-da-pale-eoliche\"\n                    src=\"https:\/\/www.alberovagabondo.it\/wp-content\/gallery\/cicogna-nera-ofanto\/thumbs\/thumbs_nibbio-reale-ucciso-da-pale-eoliche.jpg\"\n                    width=\"100\"\n                    height=\"75\"\n                    style=\"max-width:100%;\"\n                \/>\n            <\/a>\n        <\/div>\n\t\t\t\t\t\t\t<\/div> \n\t\t\t\n        \n\t\t\t\t<div id=\"ngg-image-6\" class=\"ngg-gallery-thumbnail-box\" >\n\t\t\t\t        <div class=\"ngg-gallery-thumbnail\">\n            <a href=\"https:\/\/www.alberovagabondo.it\/wp-content\/gallery\/cicogna-nera-ofanto\/nibbio_reale_-_foto_m-mendi-1.jpg\"\n               title=\"Foto fornite da Enzo Cripezzi, responsabile Lipu Capitanata. Di M Mendi\"\n               data-src=\"https:\/\/www.alberovagabondo.it\/wp-content\/gallery\/cicogna-nera-ofanto\/nibbio_reale_-_foto_m-mendi-1.jpg\"\n               data-thumbnail=\"https:\/\/www.alberovagabondo.it\/wp-content\/gallery\/cicogna-nera-ofanto\/thumbs\/thumbs_nibbio_reale_-_foto_m-mendi-1.jpg\"\n               data-image-id=\"831\"\n               data-title=\"nibbio_reale_-_foto_m-mendi-1\"\n               data-description=\"Foto fornite da Enzo Cripezzi, responsabile Lipu Capitanata. Di M Mendi\"\n               data-image-slug=\"nibbio_reale_-_foto_m-mendi-1\"\n               class=\"shutterset_1c078075e7cb1b12bf519aa1ed309c29\">\n                <img\n                    title=\"nibbio_reale_-_foto_m-mendi-1\"\n                    alt=\"nibbio_reale_-_foto_m-mendi-1\"\n                    src=\"https:\/\/www.alberovagabondo.it\/wp-content\/gallery\/cicogna-nera-ofanto\/thumbs\/thumbs_nibbio_reale_-_foto_m-mendi-1.jpg\"\n                    width=\"100\"\n                    height=\"75\"\n                    style=\"max-width:100%;\"\n                \/>\n            <\/a>\n        <\/div>\n\t\t\t\t\t\t\t<\/div> \n\t\t\t\n        \n\t\t\t\t<div id=\"ngg-image-7\" class=\"ngg-gallery-thumbnail-box\" >\n\t\t\t\t        <div class=\"ngg-gallery-thumbnail\">\n            <a href=\"https:\/\/www.alberovagabondo.it\/wp-content\/gallery\/cicogna-nera-ofanto\/nibbio_reale_2_-_foto_m-mendi_.jpg\"\n               title=\"Foto fornite da Enzo Cripezzi, responsabile Lipu Capitanata. Di M Mendi\"\n               data-src=\"https:\/\/www.alberovagabondo.it\/wp-content\/gallery\/cicogna-nera-ofanto\/nibbio_reale_2_-_foto_m-mendi_.jpg\"\n               data-thumbnail=\"https:\/\/www.alberovagabondo.it\/wp-content\/gallery\/cicogna-nera-ofanto\/thumbs\/thumbs_nibbio_reale_2_-_foto_m-mendi_.jpg\"\n               data-image-id=\"832\"\n               data-title=\"nibbio_reale_2_-_foto_m-mendi_\"\n               data-description=\"Foto fornite da Enzo Cripezzi, responsabile Lipu Capitanata. Di M Mendi\"\n               data-image-slug=\"nibbio_reale_2_-_foto_m-mendi_\"\n               class=\"shutterset_1c078075e7cb1b12bf519aa1ed309c29\">\n                <img\n                    title=\"nibbio_reale_2_-_foto_m-mendi_\"\n                    alt=\"nibbio_reale_2_-_foto_m-mendi_\"\n                    src=\"https:\/\/www.alberovagabondo.it\/wp-content\/gallery\/cicogna-nera-ofanto\/thumbs\/thumbs_nibbio_reale_2_-_foto_m-mendi_.jpg\"\n                    width=\"100\"\n                    height=\"75\"\n                    style=\"max-width:100%;\"\n                \/>\n            <\/a>\n        <\/div>\n\t\t\t\t\t\t\t<\/div> \n\t\t\t\n        \n\t\t\t\t<div id=\"ngg-image-8\" class=\"ngg-gallery-thumbnail-box\" >\n\t\t\t\t        <div class=\"ngg-gallery-thumbnail\">\n            <a href=\"https:\/\/www.alberovagabondo.it\/wp-content\/gallery\/cicogna-nera-ofanto\/nibbiocripezzi.jpg\"\n               title=\"Foto fornite da Enzo Cripezzi, responsabile Lipu Capitanata. Di E Cripezzi\"\n               data-src=\"https:\/\/www.alberovagabondo.it\/wp-content\/gallery\/cicogna-nera-ofanto\/nibbiocripezzi.jpg\"\n               data-thumbnail=\"https:\/\/www.alberovagabondo.it\/wp-content\/gallery\/cicogna-nera-ofanto\/thumbs\/thumbs_nibbiocripezzi.jpg\"\n               data-image-id=\"833\"\n               data-title=\"nibbiocripezzi\"\n               data-description=\"Foto fornite da Enzo Cripezzi, responsabile Lipu Capitanata. Di E Cripezzi\"\n               data-image-slug=\"nibbiocripezzi\"\n               class=\"shutterset_1c078075e7cb1b12bf519aa1ed309c29\">\n                <img\n                    title=\"nibbiocripezzi\"\n                    alt=\"nibbiocripezzi\"\n                    src=\"https:\/\/www.alberovagabondo.it\/wp-content\/gallery\/cicogna-nera-ofanto\/thumbs\/thumbs_nibbiocripezzi.jpg\"\n                    width=\"100\"\n                    height=\"75\"\n                    style=\"max-width:100%;\"\n                \/>\n            <\/a>\n        <\/div>\n\t\t\t\t\t\t\t<\/div> \n\t\t\t\n        \n\t\t\t\t<div id=\"ngg-image-9\" class=\"ngg-gallery-thumbnail-box\" >\n\t\t\t\t        <div class=\"ngg-gallery-thumbnail\">\n            <a href=\"https:\/\/www.alberovagabondo.it\/wp-content\/gallery\/cicogna-nera-ofanto\/pale.jpg\"\n               title=\"Foto fornite da Enzo Cripezzi, responsabile Lipu Capitanata\"\n               data-src=\"https:\/\/www.alberovagabondo.it\/wp-content\/gallery\/cicogna-nera-ofanto\/pale.jpg\"\n               data-thumbnail=\"https:\/\/www.alberovagabondo.it\/wp-content\/gallery\/cicogna-nera-ofanto\/thumbs\/thumbs_pale.jpg\"\n               data-image-id=\"834\"\n               data-title=\"pale\"\n               data-description=\"Foto fornite da Enzo Cripezzi, responsabile Lipu Capitanata\"\n               data-image-slug=\"pale\"\n               class=\"shutterset_1c078075e7cb1b12bf519aa1ed309c29\">\n                <img\n                    title=\"pale\"\n                    alt=\"pale\"\n                    src=\"https:\/\/www.alberovagabondo.it\/wp-content\/gallery\/cicogna-nera-ofanto\/thumbs\/thumbs_pale.jpg\"\n                    width=\"100\"\n                    height=\"75\"\n                    style=\"max-width:100%;\"\n                \/>\n            <\/a>\n        <\/div>\n\t\t\t\t\t\t\t<\/div> \n\t\t\t\n        \n\t\t\t\t<div id=\"ngg-image-10\" class=\"ngg-gallery-thumbnail-box\" >\n\t\t\t\t        <div class=\"ngg-gallery-thumbnail\">\n            <a href=\"https:\/\/www.alberovagabondo.it\/wp-content\/gallery\/cicogna-nera-ofanto\/senza-pale.jpg\"\n               title=\"Foto fornite da Enzo Cripezzi, responsabile Lipu Capitanata\"\n               data-src=\"https:\/\/www.alberovagabondo.it\/wp-content\/gallery\/cicogna-nera-ofanto\/senza-pale.jpg\"\n               data-thumbnail=\"https:\/\/www.alberovagabondo.it\/wp-content\/gallery\/cicogna-nera-ofanto\/thumbs\/thumbs_senza-pale.jpg\"\n               data-image-id=\"835\"\n               data-title=\"senza-pale\"\n               data-description=\"Foto fornite da Enzo Cripezzi, responsabile Lipu Capitanata\"\n               data-image-slug=\"senza-pale\"\n               class=\"shutterset_1c078075e7cb1b12bf519aa1ed309c29\">\n                <img\n                    title=\"senza-pale\"\n                    alt=\"senza-pale\"\n                    src=\"https:\/\/www.alberovagabondo.it\/wp-content\/gallery\/cicogna-nera-ofanto\/thumbs\/thumbs_senza-pale.jpg\"\n                    width=\"100\"\n                    height=\"75\"\n                    style=\"max-width:100%;\"\n                \/>\n            <\/a>\n        <\/div>\n\t\t\t\t\t\t\t<\/div> \n\t\t\t\n        \n\t\t\n\t\t<!-- Pagination -->\n\t<div class='ngg-clear'><\/div>\t<\/div>\n<\/p>\n<\/div>\n","protected":false},"excerpt":{"rendered":"<p>Se io fossi una cicogna mi rifiuterei di portare ancora bambini, di sudare e farmi in quattro per noi umani. Magari per correre il rischio, drammaticamente realistico, di essere tagliata in due da un mulino a vento d\u2019acciaio di cui non sospettavo minimamente l\u2019esistenza. Due delle dieci coppie di cicogna nera italiana vivono nell\u2019Irpinia d\u2019Oriente &hellip; <a href=\"https:\/\/www.alberovagabondo.it\/?p=1282\" class=\"more-link\">Continua la lettura di <span class=\"screen-reader-text\">Rapaci e uccelli rari d&#8217;Alta Irpinia decimati dalle pale eoliche<\/span> <span class=\"meta-nav\">&rarr;<\/span><\/a><\/p>\n","protected":false},"author":1,"featured_media":0,"comment_status":"open","ping_status":"open","sticky":false,"template":"","format":"standard","meta":{"ngg_post_thumbnail":0},"categories":[63],"tags":[],"_links":{"self":[{"href":"https:\/\/www.alberovagabondo.it\/index.php?rest_route=\/wp\/v2\/posts\/1282"}],"collection":[{"href":"https:\/\/www.alberovagabondo.it\/index.php?rest_route=\/wp\/v2\/posts"}],"about":[{"href":"https:\/\/www.alberovagabondo.it\/index.php?rest_route=\/wp\/v2\/types\/post"}],"author":[{"embeddable":true,"href":"https:\/\/www.alberovagabondo.it\/index.php?rest_route=\/wp\/v2\/users\/1"}],"replies":[{"embeddable":true,"href":"https:\/\/www.alberovagabondo.it\/index.php?rest_route=%2Fwp%2Fv2%2Fcomments&post=1282"}],"version-history":[{"count":7,"href":"https:\/\/www.alberovagabondo.it\/index.php?rest_route=\/wp\/v2\/posts\/1282\/revisions"}],"predecessor-version":[{"id":1318,"href":"https:\/\/www.alberovagabondo.it\/index.php?rest_route=\/wp\/v2\/posts\/1282\/revisions\/1318"}],"wp:attachment":[{"href":"https:\/\/www.alberovagabondo.it\/index.php?rest_route=%2Fwp%2Fv2%2Fmedia&parent=1282"}],"wp:term":[{"taxonomy":"category","embeddable":true,"href":"https:\/\/www.alberovagabondo.it\/index.php?rest_route=%2Fwp%2Fv2%2Fcategories&post=1282"},{"taxonomy":"post_tag","embeddable":true,"href":"https:\/\/www.alberovagabondo.it\/index.php?rest_route=%2Fwp%2Fv2%2Ftags&post=1282"}],"curies":[{"name":"wp","href":"https:\/\/api.w.org\/{rel}","templated":true}]}}