{"id":1492,"date":"2011-12-30T07:42:31","date_gmt":"2011-12-30T07:42:31","guid":{"rendered":"http:\/\/www.alberovagabondo.it\/?p=1492"},"modified":"2011-12-30T13:53:31","modified_gmt":"2011-12-30T13:53:31","slug":"un-periodo-di-serenita-e-pace-in-famiglia","status":"publish","type":"post","link":"https:\/\/www.alberovagabondo.it\/?p=1492","title":{"rendered":"Un periodo di serenit\u00e0 e pace in famiglia!"},"content":{"rendered":"<div style=\"text-align: justify;\"><a href=\"http:\/\/www.alberovagabondo.it\/?p=1469\"><a href=\"http:\/\/www.alberovagabondo.it\/wp-content\/uploads\/2011\/12\/5.jpg\"><img loading=\"lazy\" src=\"http:\/\/www.alberovagabondo.it\/wp-content\/uploads\/2011\/12\/5-150x150.jpg\" alt=\"\" title=\"5\" width=\"150\" height=\"150\" class=\"alignleft size-thumbnail wp-image-1493\" \/><\/a><br \/>\nUn augurio di pace a tutti gli amici dell&#8217;Albero Vagabondo in particolare ai bambini che hanno scritto le favole dell&#8217;Albero e all&#8217;unica maestra spassionata che ci ha seguito e sostenuto in questa avventura: Grazia Egidio, insegnante di Santo Stefano del Sole, dove siamo tornati gi\u00e0 tre volte, non una di pi\u00f9.<\/p>\n<p><!--more continua...--><br \/>\nIl 6 gennaio alla Casina del Principe, dopo 4 anni e 5 natali &#8211; grazie all&#8217;ospitalit\u00e0 del Centro Culturale Camillo Marino all&#8217;interno dell&#8217;edizione 2011-2012 Terra Fuoco &#8211; si terr\u00e0 l&#8217;ultima tappa dell&#8217;Albero Vagabondo che finisce dove era iniziato ad Avellino, scendendo dai tetti di Palazzo Iannaccone. Qui, finalmente, lo Spirito del Re Albero lascer\u00e0 l&#8217;Irpinia \u2013 magari per vagare un altro po\u2019, in cerca di un posto migliore dove affondare le radici \u2013 e ritornare al Re Albero, il faggio centenario che vive vicino all&#8217;antica sorgente dei fiumi Sabato, Calore, Sele, nei Monti Picentini. Montagne e sorgenti che, insieme all&#8217;amico Ofanto, danno la vita al 35% dei cittadini meridionali. E&#8217; questo il vero patrimonio unesco di Puglia, Basilicata e Campania, le nostre montagne e quindi le sorgenti, da salvaguardare dall&#8217;incuria e mancanza di rispetto degli abitanti delle montagne che sono i primi a non avere cura del futuro dei propri figli per pigrizia, accidia e mancanza di volont\u00e0, addossando le loro colpe a sovrastrutture, in realt\u00e0, espressione solo della loro qualit\u00e0 e cecit\u00e0: non solo le montagne ad emanare strani odori, ma chi le abita. Dopo tante tappe nei nostri paesini di montagna l&#8217;Albero Vagabondo ha capito che non ci sono cattivi e buoni, tra i grandi, ma solo persone inconsapevoli. L&#8217;invito \u00e8 quello di preservare la purezza delle nostre sorgenti, attraverso la tutela e difesa delle nostre montagne. Le sculture torneranno al suo autore Giovanni Spiniello, il suo creatore e all&#8217;AGS, presieduta da Virginiano Spiniello.  Il viaggio continuer\u00e0, magari in un&#8217;altra iniziativa che nasconder\u00e0 i rifiuti agli occhi di chi non vuole accettare i rifiuti che sono dentro di s\u00e9, nella propria societ\u00e0, addossando colpe a sovrastrutture a loro volta malate di odio e ignoranza. Ma anche i rifiuti hanno una funzione: far capire all&#8217;uomo che la societ\u00e0 non \u00e8 sempre come appare e che l&#8217;inizio e la fine di un ciclo sono, semplicemente, il termine di una tappa che porta ad altri percorsi. Il nuovo sito del 2012 ha alla sinistra la documentazione del vecchio progetto no profit e, alla destra, sezioni che si amplieranno e poi confluiranno in un nuovo progetto che avr\u00e0 l&#8217;intenzione di educare i piccini al rispetto della natura perch\u00e9, chi non rispetta la natura, non rispetta sua madre.<br \/>\nForse conviene indicare anche l&#8217;orario. A partire dalle ore 10:00che ci onora della sua amicizia e dove i bambini faranno l&#8217;ultimo girotondo intorno all&#8217;Albero Vagabondo che poi ridiventer\u00e0 una semplice scultura insieme al suo profilo facebook Brigante della Libert\u00e0. Auguri di pace, serenit\u00e0 e gioia ai vostri bambini nei quali si rispecchiano le nostre paure e il nostro amore dall&#8217;Albero Vagabondo e dal Brigante della Libert\u00e0. Difficilmente il Metamorfo si manifester\u00e0 di nuovo, ma porta i suoi auguri a tutti i bambini che l\u2019hanno aiutato.<br \/>\nIl primo progetto sganciato del nuovo ciclo \u00e8 il laboratorio di marketing ecologico tenuto da Virginiano Spiniello presso la Facolt\u00e0 di Scienze della comunicazione del Suor Orsola Benincasa che giunge, anch&#8217;esso, al termine di un ciclo di tre anni, per trasformarsi, successivamente, in un altro progetto che si occuper\u00e0 di decrescita dolce e armonia tra tradizione e innovazione nella produzione trasformazione e distribuzione degli elementi necessari a realizzare i materiali conservando alla natura le ultime risorse non pi\u00f9 rinnovabili.<br \/>\n<!-- index.php -->\n<div\n\tclass=\"ngg-galleryoverview ngg-ajax-pagination-none\"\n\tid=\"ngg-gallery-f432c08836d0b181903322a3851b0a1f-1\">\n\n    \t<div class=\"slideshowlink\">\n        <a href='https:\/\/www.alberovagabondo.it\/index.php\/nggallery\/slideshow?p=1492'>[Show as slideshow]<\/a>\n\t\t\n\t<\/div>\n\t\t\t<!-- Thumbnails -->\n\t\t\t\t<div id=\"ngg-image-0\" class=\"ngg-gallery-thumbnail-box\" >\n\t\t\t\t        <div class=\"ngg-gallery-thumbnail\">\n            <a href=\"https:\/\/www.alberovagabondo.it\/wp-content\/gallery\/albero-brigante-e-metamorfo\/1.jpg\"\n               title=\"\"\n               data-src=\"https:\/\/www.alberovagabondo.it\/wp-content\/gallery\/albero-brigante-e-metamorfo\/1.jpg\"\n               data-thumbnail=\"https:\/\/www.alberovagabondo.it\/wp-content\/gallery\/albero-brigante-e-metamorfo\/thumbs\/thumbs_1.jpg\"\n               data-image-id=\"927\"\n               data-title=\"1\"\n               data-description=\"\"\n               data-image-slug=\"1-47\"\n               class=\"shutterset_f432c08836d0b181903322a3851b0a1f\">\n                <img\n                    title=\"1\"\n                    alt=\"1\"\n                    src=\"https:\/\/www.alberovagabondo.it\/wp-content\/gallery\/albero-brigante-e-metamorfo\/thumbs\/thumbs_1.jpg\"\n                    width=\"100\"\n                    height=\"75\"\n                    style=\"max-width:100%;\"\n                \/>\n            <\/a>\n        <\/div>\n\t\t\t\t\t\t\t<\/div> \n\t\t\t\n        \n\t\t\t\t<div id=\"ngg-image-1\" class=\"ngg-gallery-thumbnail-box\" >\n\t\t\t\t        <div class=\"ngg-gallery-thumbnail\">\n            <a href=\"https:\/\/www.alberovagabondo.it\/wp-content\/gallery\/albero-brigante-e-metamorfo\/albero.jpg\"\n               title=\"\"\n               data-src=\"https:\/\/www.alberovagabondo.it\/wp-content\/gallery\/albero-brigante-e-metamorfo\/albero.jpg\"\n               data-thumbnail=\"https:\/\/www.alberovagabondo.it\/wp-content\/gallery\/albero-brigante-e-metamorfo\/thumbs\/thumbs_albero.jpg\"\n               data-image-id=\"928\"\n               data-title=\"albero\"\n               data-description=\"\"\n               data-image-slug=\"albero-3\"\n               class=\"shutterset_f432c08836d0b181903322a3851b0a1f\">\n                <img\n                    title=\"albero\"\n                    alt=\"albero\"\n                    src=\"https:\/\/www.alberovagabondo.it\/wp-content\/gallery\/albero-brigante-e-metamorfo\/thumbs\/thumbs_albero.jpg\"\n                    width=\"100\"\n                    height=\"75\"\n                    style=\"max-width:100%;\"\n                \/>\n            <\/a>\n        <\/div>\n\t\t\t\t\t\t\t<\/div> \n\t\t\t\n        \n\t\t\t\t<div id=\"ngg-image-2\" class=\"ngg-gallery-thumbnail-box\" >\n\t\t\t\t        <div class=\"ngg-gallery-thumbnail\">\n            <a href=\"https:\/\/www.alberovagabondo.it\/wp-content\/gallery\/albero-brigante-e-metamorfo\/5.jpg\"\n               title=\"\"\n               data-src=\"https:\/\/www.alberovagabondo.it\/wp-content\/gallery\/albero-brigante-e-metamorfo\/5.jpg\"\n               data-thumbnail=\"https:\/\/www.alberovagabondo.it\/wp-content\/gallery\/albero-brigante-e-metamorfo\/thumbs\/thumbs_5.jpg\"\n               data-image-id=\"929\"\n               data-title=\"5\"\n               data-description=\"\"\n               data-image-slug=\"5-45\"\n               class=\"shutterset_f432c08836d0b181903322a3851b0a1f\">\n                <img\n                    title=\"5\"\n                    alt=\"5\"\n                    src=\"https:\/\/www.alberovagabondo.it\/wp-content\/gallery\/albero-brigante-e-metamorfo\/thumbs\/thumbs_5.jpg\"\n                    width=\"100\"\n                    height=\"75\"\n                    style=\"max-width:100%;\"\n                \/>\n            <\/a>\n        <\/div>\n\t\t\t\t\t\t\t<\/div> \n\t\t\t\n        \n\t\t\n\t\t<!-- Pagination -->\n\t<div class='ngg-clear'><\/div>\t<\/div>\n\n<\/div>\n","protected":false},"excerpt":{"rendered":"<p>Un augurio di pace a tutti gli amici dell&#8217;Albero Vagabondo in particolare ai bambini che hanno scritto le favole dell&#8217;Albero e all&#8217;unica maestra spassionata che ci ha seguito e sostenuto in questa avventura: Grazia Egidio, insegnante di Santo Stefano del Sole, dove siamo tornati gi\u00e0 tre volte, non una di pi\u00f9.<\/p>\n","protected":false},"author":1,"featured_media":0,"comment_status":"open","ping_status":"open","sticky":false,"template":"","format":"standard","meta":{"ngg_post_thumbnail":0},"categories":[1],"tags":[],"_links":{"self":[{"href":"https:\/\/www.alberovagabondo.it\/index.php?rest_route=\/wp\/v2\/posts\/1492"}],"collection":[{"href":"https:\/\/www.alberovagabondo.it\/index.php?rest_route=\/wp\/v2\/posts"}],"about":[{"href":"https:\/\/www.alberovagabondo.it\/index.php?rest_route=\/wp\/v2\/types\/post"}],"author":[{"embeddable":true,"href":"https:\/\/www.alberovagabondo.it\/index.php?rest_route=\/wp\/v2\/users\/1"}],"replies":[{"embeddable":true,"href":"https:\/\/www.alberovagabondo.it\/index.php?rest_route=%2Fwp%2Fv2%2Fcomments&post=1492"}],"version-history":[{"count":10,"href":"https:\/\/www.alberovagabondo.it\/index.php?rest_route=\/wp\/v2\/posts\/1492\/revisions"}],"predecessor-version":[{"id":1497,"href":"https:\/\/www.alberovagabondo.it\/index.php?rest_route=\/wp\/v2\/posts\/1492\/revisions\/1497"}],"wp:attachment":[{"href":"https:\/\/www.alberovagabondo.it\/index.php?rest_route=%2Fwp%2Fv2%2Fmedia&parent=1492"}],"wp:term":[{"taxonomy":"category","embeddable":true,"href":"https:\/\/www.alberovagabondo.it\/index.php?rest_route=%2Fwp%2Fv2%2Fcategories&post=1492"},{"taxonomy":"post_tag","embeddable":true,"href":"https:\/\/www.alberovagabondo.it\/index.php?rest_route=%2Fwp%2Fv2%2Ftags&post=1492"}],"curies":[{"name":"wp","href":"https:\/\/api.w.org\/{rel}","templated":true}]}}