{"id":1739,"date":"2012-05-23T14:28:41","date_gmt":"2012-05-23T14:28:41","guid":{"rendered":"http:\/\/www.alberovagabondo.it\/?p=1739"},"modified":"2012-05-23T14:28:41","modified_gmt":"2012-05-23T14:28:41","slug":"il-giardino-rifiorito","status":"publish","type":"post","link":"https:\/\/www.alberovagabondo.it\/?p=1739","title":{"rendered":"Il giardino rifiorito"},"content":{"rendered":"<div style=\"text-align: justify;\">\n<p><a href=\"http:\/\/www.alberovagabondo.it\/?p=1739\"> <img loading=\"lazy\" class=\"alignleft size-thumbnail wp-image-1745\" title=\"Adriana_Ricci_1\" src=\"http:\/\/www.alberovagabondo.it\/wp-content\/uploads\/2012\/05\/Adriana_Ricci_1-150x150.jpg\" alt=\"\" width=\"150\" height=\"150\" \/><\/a>C&#8217;era una volta una bambina di nome Caterina che amava l&#8217;ambiente e i suoi colori. Caterina era una ragazzina sveglia, astuta e fresca come una rosa ma da qualche giorno era preoccupata perch\u00e8 vedeva che sua  madre diventava tristre ogni volta che si affacciava alla finestra che dava sul giardino. Per tirare su di morale la mamma, Caterina pens\u00f2 di organizzare una festa ma purtroppo non ottene nessun risultato. Il giorno dopo <!--more continua...--><\/p>\n<p>Caterina pens\u00f2 di regalare alla mamma una scatola di cioccolatini ma&#8230;..niente! La mamma continuava ad essere triste.  Un giorno mentre era fuori a giocare si accorse che nel giardino era spuntato un fiorellino. Caterina si avvicin\u00f2 al fiorellino e  appena lo sfior\u00f2  si ud\u00ec un BING! BONG! BUNG! Un mago vestito di azzurro e con una lunga barba grigia apparve all&#8217;improvviso. Caterina incuriosita chiese il nome a quello strano signore. Lui le rispose che si chiamava \u201cMago Salvambiente\u201d.  Caterina chiese al mago di aiutarla a ripulire il suo giardino perch\u00e8 era sporco, senza fiori e pieno di rifiuti di ogni genere. Il mago accett\u00f2 subito la proposta e insieme si misero al lavoro. Dopo molto, molto lavoro Caterina e il mago trasformarono quel giardino triste e sporco in un giardino bellissimo, pulito e pieno di fiori colorati. Quando la mamma si affacci\u00f2 alla finestra vide il suo giardino rifiorito e riacquist\u00f2 subito il suo sorriso.<\/p>\n<\/div>\n<p><em>Adriana Ricci -classe IV-Istituto Comprensivo \u201cG. Marconi\u201d-Sturno<\/em><br \/>\n<strong>Disegni<br \/>\n<\/strong><!-- index.php -->\n<div\n\tclass=\"ngg-galleryoverview ngg-ajax-pagination-none\"\n\tid=\"ngg-gallery-5194a92689db7dd0eba70d3469badfbc-1\">\n\n    \t<div class=\"slideshowlink\">\n        <a href='https:\/\/www.alberovagabondo.it\/index.php\/nggallery\/slideshow?p=1739'>[Show as slideshow]<\/a>\n\t\t\n\t<\/div>\n\t\t\t<!-- Thumbnails -->\n\t\t\t\t<div id=\"ngg-image-0\" class=\"ngg-gallery-thumbnail-box\" >\n\t\t\t\t        <div class=\"ngg-gallery-thumbnail\">\n            <a href=\"https:\/\/www.alberovagabondo.it\/wp-content\/gallery\/orto-rifiorito\/adriana_ricci_1.jpg\"\n               title=\"\"\n               data-src=\"https:\/\/www.alberovagabondo.it\/wp-content\/gallery\/orto-rifiorito\/adriana_ricci_1.jpg\"\n               data-thumbnail=\"https:\/\/www.alberovagabondo.it\/wp-content\/gallery\/orto-rifiorito\/thumbs\/thumbs_adriana_ricci_1.jpg\"\n               data-image-id=\"1226\"\n               data-title=\"adriana_ricci_1\"\n               data-description=\"\"\n               data-image-slug=\"adriana_ricci_1\"\n               class=\"shutterset_5194a92689db7dd0eba70d3469badfbc\">\n                <img\n                    title=\"adriana_ricci_1\"\n                    alt=\"adriana_ricci_1\"\n                    src=\"https:\/\/www.alberovagabondo.it\/wp-content\/gallery\/orto-rifiorito\/thumbs\/thumbs_adriana_ricci_1.jpg\"\n                    width=\"100\"\n                    height=\"75\"\n                    style=\"max-width:100%;\"\n                \/>\n            <\/a>\n        <\/div>\n\t\t\t\t\t\t\t<\/div> \n\t\t\t\n        \n\t\t\t\t<div id=\"ngg-image-1\" class=\"ngg-gallery-thumbnail-box\" >\n\t\t\t\t        <div class=\"ngg-gallery-thumbnail\">\n            <a href=\"https:\/\/www.alberovagabondo.it\/wp-content\/gallery\/orto-rifiorito\/adriana_ricci_2.jpg\"\n               title=\"\"\n               data-src=\"https:\/\/www.alberovagabondo.it\/wp-content\/gallery\/orto-rifiorito\/adriana_ricci_2.jpg\"\n               data-thumbnail=\"https:\/\/www.alberovagabondo.it\/wp-content\/gallery\/orto-rifiorito\/thumbs\/thumbs_adriana_ricci_2.jpg\"\n               data-image-id=\"1227\"\n               data-title=\"adriana_ricci_2\"\n               data-description=\"\"\n               data-image-slug=\"adriana_ricci_2\"\n               class=\"shutterset_5194a92689db7dd0eba70d3469badfbc\">\n                <img\n                    title=\"adriana_ricci_2\"\n                    alt=\"adriana_ricci_2\"\n                    src=\"https:\/\/www.alberovagabondo.it\/wp-content\/gallery\/orto-rifiorito\/thumbs\/thumbs_adriana_ricci_2.jpg\"\n                    width=\"100\"\n                    height=\"75\"\n                    style=\"max-width:100%;\"\n                \/>\n            <\/a>\n        <\/div>\n\t\t\t\t\t\t\t<\/div> \n\t\t\t\n        \n\t\t\t\t<div id=\"ngg-image-2\" class=\"ngg-gallery-thumbnail-box\" >\n\t\t\t\t        <div class=\"ngg-gallery-thumbnail\">\n            <a href=\"https:\/\/www.alberovagabondo.it\/wp-content\/gallery\/orto-rifiorito\/francesco_ricci.jpg\"\n               title=\"\"\n               data-src=\"https:\/\/www.alberovagabondo.it\/wp-content\/gallery\/orto-rifiorito\/francesco_ricci.jpg\"\n               data-thumbnail=\"https:\/\/www.alberovagabondo.it\/wp-content\/gallery\/orto-rifiorito\/thumbs\/thumbs_francesco_ricci.jpg\"\n               data-image-id=\"1228\"\n               data-title=\"francesco_ricci\"\n               data-description=\"\"\n               data-image-slug=\"francesco_ricci\"\n               class=\"shutterset_5194a92689db7dd0eba70d3469badfbc\">\n                <img\n                    title=\"francesco_ricci\"\n                    alt=\"francesco_ricci\"\n                    src=\"https:\/\/www.alberovagabondo.it\/wp-content\/gallery\/orto-rifiorito\/thumbs\/thumbs_francesco_ricci.jpg\"\n                    width=\"100\"\n                    height=\"75\"\n                    style=\"max-width:100%;\"\n                \/>\n            <\/a>\n        <\/div>\n\t\t\t\t\t\t\t<\/div> \n\t\t\t\n        \n\t\t\n\t\t<!-- Pagination -->\n\t<div class='ngg-clear'><\/div>\t<\/div>\n<\/p>\n","protected":false},"excerpt":{"rendered":"<p>C&#8217;era una volta una bambina di nome Caterina che amava l&#8217;ambiente e i suoi colori. Caterina era una ragazzina sveglia, astuta e fresca come una rosa ma da qualche giorno era preoccupata perch\u00e8 vedeva che sua madre diventava tristre ogni volta che si affacciava alla finestra che dava sul giardino. Per tirare su di morale &hellip; <a href=\"https:\/\/www.alberovagabondo.it\/?p=1739\" class=\"more-link\">Continua la lettura di <span class=\"screen-reader-text\">Il giardino rifiorito<\/span> <span class=\"meta-nav\">&rarr;<\/span><\/a><\/p>\n","protected":false},"author":1,"featured_media":0,"comment_status":"open","ping_status":"open","sticky":false,"template":"","format":"standard","meta":{"ngg_post_thumbnail":0},"categories":[22],"tags":[52],"_links":{"self":[{"href":"https:\/\/www.alberovagabondo.it\/index.php?rest_route=\/wp\/v2\/posts\/1739"}],"collection":[{"href":"https:\/\/www.alberovagabondo.it\/index.php?rest_route=\/wp\/v2\/posts"}],"about":[{"href":"https:\/\/www.alberovagabondo.it\/index.php?rest_route=\/wp\/v2\/types\/post"}],"author":[{"embeddable":true,"href":"https:\/\/www.alberovagabondo.it\/index.php?rest_route=\/wp\/v2\/users\/1"}],"replies":[{"embeddable":true,"href":"https:\/\/www.alberovagabondo.it\/index.php?rest_route=%2Fwp%2Fv2%2Fcomments&post=1739"}],"version-history":[{"count":4,"href":"https:\/\/www.alberovagabondo.it\/index.php?rest_route=\/wp\/v2\/posts\/1739\/revisions"}],"predecessor-version":[{"id":1748,"href":"https:\/\/www.alberovagabondo.it\/index.php?rest_route=\/wp\/v2\/posts\/1739\/revisions\/1748"}],"wp:attachment":[{"href":"https:\/\/www.alberovagabondo.it\/index.php?rest_route=%2Fwp%2Fv2%2Fmedia&parent=1739"}],"wp:term":[{"taxonomy":"category","embeddable":true,"href":"https:\/\/www.alberovagabondo.it\/index.php?rest_route=%2Fwp%2Fv2%2Fcategories&post=1739"},{"taxonomy":"post_tag","embeddable":true,"href":"https:\/\/www.alberovagabondo.it\/index.php?rest_route=%2Fwp%2Fv2%2Ftags&post=1739"}],"curies":[{"name":"wp","href":"https:\/\/api.w.org\/{rel}","templated":true}]}}