{"id":1756,"date":"2012-05-31T18:32:37","date_gmt":"2012-05-31T18:32:37","guid":{"rendered":"http:\/\/www.alberovagabondo.it\/?p=1756"},"modified":"2012-05-31T18:38:26","modified_gmt":"2012-05-31T18:38:26","slug":"mercato-senza-mercanti-fiera-delle-autoproduzioni-a-proposito-di-ragna-tela%e2%80%a6","status":"publish","type":"post","link":"https:\/\/www.alberovagabondo.it\/?p=1756","title":{"rendered":"A proposito di Ragna-tela\u2026"},"content":{"rendered":"<div style=\"text-align: justify;\"><a href=\"http:\/\/www.alberovagabondo.it\/?p=1756\"> <img loading=\"lazy\" src=\"http:\/\/www.alberovagabondo.it\/wp-content\/uploads\/2012\/05\/2-150x150.jpg\" alt=\"\" title=\"2\" width=\"150\" height=\"150\" class=\"alignleft size-thumbnail wp-image-1757\" \/><\/a>Il circuito Ragna-tela nasce in Campania nel 2008 come aggregazione di produttori-consumatori. Presenta eventi a cadenza mensile sul territorio campano ed \u00e8 parte integrante del circuito Genuino Clandestino a cui partecipa con cadenza semestrale su tutti gli eventi che vengono tenuti sul territorio nazionale. Inoltre rappresenta Campagna Contadina in seno al forum Europeo sulla Sovranit\u00e0 Alimentare  tenutosi a Kreims in Austria in agosto 2011 e a Marzo al Palazzo delle Regioni a Bruxelles.<!--more continua...--> Ragnatela sostiene tutte le realt\u00e0 che fanno parte del circuito partecipando agli eventi tenuti nei vari territori, parte dal locale per arrivare al globale.Ad Anthos Neos saranno presenti una trentina di produttori che operano secondo il criterio della sostenibilit\u00e0 ambientale ed appartengono a un circuito di mutuo scambio della conoscenza e del lavoro. Insieme coordinano un\u2019offerta congiunta al fine di favorire la domanda aggregata da parte di \u00a0Gruppi di Acquisto Solidale (GAS).\u00a0 Alcuni produttori sono anche certificati dagli enti certificatori riconosciuti e la qualit\u00e0 della\u00a0 totalit\u00e0 di essi \u00e8 garantita dal meccanismo della certificazione partecipata [N.B. Un gruppo di consumatori e produttori insieme effettuano visite periodiche alle aziende garantendo controlli effettivi sulle modalit\u00e0 di produzione e sulla quantit\u00e0 effettiva dei prodotti disponibili per il gruppo di acquisto, nonch\u00e9 sulle condizioni sanitarie e sulla qualit\u00e0 dei processi produttivi]. Ogni prodotto \u00e8 biologico, i semi e le variet\u00e0 sono tutte di caratterizzazione locale ad impollinazione aperta. Le produzioni: trasformazione della carne di animali provenienti da allevamenti allo stato brado; produzione di pane e pasta, pizze con farine proprie prodotte con la molitura a pietra di antiche variet\u00e0 di grano precedenti alle mutagenesi praticate ai cereali per l\u2019industria alimentare intensiva; ortaggi di caratterizzazione geografica tipica, frutta, dolci, marmellate, vino, birra, miele, formaggi. Viene distribuita gratuitamente l\u2019acqua delle sorgenti dei luoghi di provenienza di tutti i produttori. Tutti i prodotti presenti al mercato e tutti gli ingredienti usati nelle trasformazioni sono interni al circuito di Ragnatela.<\/p>\n<p>Il mercato apre alle 9.30 e chiude alle 22.00. Per la degustazione dei prodotti sar\u00e0 utilizzata l\u2019area pic nic interna al Convento. La manifestazione sar\u00e0 allietata da musica di tradizione popolare e artisti di strada dell\u2019Associazione Vico Pazzariello\u00a0 di Napoli (Primo teatro di strada).<\/p>\n<p>&nbsp;<\/p>\n<p>L\u2019obiettivo di Ragnatela oltre alla sensibilizzazione sulle tecnologie di agricoltura biologica, sui meccanismi di decrescita e di sostenibilit\u00e0 ambientale delle produzioni \u00e8 quello di favorire la visibilit\u00e0 di determinate associazioni e organizzazioni che si muovono in ambito sociale. La localizzazione dell\u2019evento itinerante \u00e8 sempre finalizzata a tale scopo.<\/p>\n<p>I produttori sono piccoli produttori agricoli sostenuti da Campagna contadina in base al criterio della certificazione partecipata che trasformano ed offrono i propri prodotti direttamente al consumatore. Campagna contadina \u00e8 una campagna nazionale di deregolamentazione delle normative sanitarie relative alla trasformazione alimentare per i piccoli produttori agricoli.<\/p>\n<p>A Montella opera <strong>Accoglienza Rurale Terra e Libert\u00e0<\/strong> parte attiva e fondamentale nell\u2019organizzazione dell\u2019evento ANTHOS NEOS.<\/p>\n<p>&nbsp;<\/p>\n<p><strong>Foto dal sito di Ragnatela <\/strong><\/p>\n<!-- index.php -->\n<div\n\tclass=\"ngg-galleryoverview ngg-ajax-pagination-none\"\n\tid=\"ngg-gallery-cd2ff157804d0f9647cf1517e8d4de01-1\">\n\n    \t<div class=\"slideshowlink\">\n        <a href='https:\/\/www.alberovagabondo.it\/index.php\/nggallery\/slideshow?p=1756'>[Show as slideshow]<\/a>\n\t\t\n\t<\/div>\n\t\t\t<!-- Thumbnails -->\n\t\t\t\t<div id=\"ngg-image-0\" class=\"ngg-gallery-thumbnail-box\" >\n\t\t\t\t        <div class=\"ngg-gallery-thumbnail\">\n            <a href=\"https:\/\/www.alberovagabondo.it\/wp-content\/gallery\/ragnatela\/1.jpg\"\n               title=\"\"\n               data-src=\"https:\/\/www.alberovagabondo.it\/wp-content\/gallery\/ragnatela\/1.jpg\"\n               data-thumbnail=\"https:\/\/www.alberovagabondo.it\/wp-content\/gallery\/ragnatela\/thumbs\/thumbs_1.jpg\"\n               data-image-id=\"1235\"\n               data-title=\"1\"\n               data-description=\"\"\n               data-image-slug=\"1-54\"\n               class=\"shutterset_cd2ff157804d0f9647cf1517e8d4de01\">\n                <img\n                    title=\"1\"\n                    alt=\"1\"\n                    src=\"https:\/\/www.alberovagabondo.it\/wp-content\/gallery\/ragnatela\/thumbs\/thumbs_1.jpg\"\n                    width=\"100\"\n                    height=\"75\"\n                    style=\"max-width:100%;\"\n                \/>\n            <\/a>\n        <\/div>\n\t\t\t\t\t\t\t<\/div> \n\t\t\t\n        \n\t\t\t\t<div id=\"ngg-image-1\" class=\"ngg-gallery-thumbnail-box\" >\n\t\t\t\t        <div class=\"ngg-gallery-thumbnail\">\n            <a href=\"https:\/\/www.alberovagabondo.it\/wp-content\/gallery\/ragnatela\/2.jpg\"\n               title=\"\"\n               data-src=\"https:\/\/www.alberovagabondo.it\/wp-content\/gallery\/ragnatela\/2.jpg\"\n               data-thumbnail=\"https:\/\/www.alberovagabondo.it\/wp-content\/gallery\/ragnatela\/thumbs\/thumbs_2.jpg\"\n               data-image-id=\"1236\"\n               data-title=\"2\"\n               data-description=\"\"\n               data-image-slug=\"2-53\"\n               class=\"shutterset_cd2ff157804d0f9647cf1517e8d4de01\">\n                <img\n                    title=\"2\"\n                    alt=\"2\"\n                    src=\"https:\/\/www.alberovagabondo.it\/wp-content\/gallery\/ragnatela\/thumbs\/thumbs_2.jpg\"\n                    width=\"100\"\n                    height=\"75\"\n                    style=\"max-width:100%;\"\n                \/>\n            <\/a>\n        <\/div>\n\t\t\t\t\t\t\t<\/div> \n\t\t\t\n        \n\t\t\t\t<div id=\"ngg-image-2\" class=\"ngg-gallery-thumbnail-box\" >\n\t\t\t\t        <div class=\"ngg-gallery-thumbnail\">\n            <a href=\"https:\/\/www.alberovagabondo.it\/wp-content\/gallery\/ragnatela\/3.jpg\"\n               title=\"\"\n               data-src=\"https:\/\/www.alberovagabondo.it\/wp-content\/gallery\/ragnatela\/3.jpg\"\n               data-thumbnail=\"https:\/\/www.alberovagabondo.it\/wp-content\/gallery\/ragnatela\/thumbs\/thumbs_3.jpg\"\n               data-image-id=\"1237\"\n               data-title=\"3\"\n               data-description=\"\"\n               data-image-slug=\"3-55\"\n               class=\"shutterset_cd2ff157804d0f9647cf1517e8d4de01\">\n                <img\n                    title=\"3\"\n                    alt=\"3\"\n                    src=\"https:\/\/www.alberovagabondo.it\/wp-content\/gallery\/ragnatela\/thumbs\/thumbs_3.jpg\"\n                    width=\"100\"\n                    height=\"75\"\n                    style=\"max-width:100%;\"\n                \/>\n            <\/a>\n        <\/div>\n\t\t\t\t\t\t\t<\/div> \n\t\t\t\n        \n\t\t\t\t<div id=\"ngg-image-3\" class=\"ngg-gallery-thumbnail-box\" >\n\t\t\t\t        <div class=\"ngg-gallery-thumbnail\">\n            <a href=\"https:\/\/www.alberovagabondo.it\/wp-content\/gallery\/ragnatela\/4.jpg\"\n               title=\"\"\n               data-src=\"https:\/\/www.alberovagabondo.it\/wp-content\/gallery\/ragnatela\/4.jpg\"\n               data-thumbnail=\"https:\/\/www.alberovagabondo.it\/wp-content\/gallery\/ragnatela\/thumbs\/thumbs_4.jpg\"\n               data-image-id=\"1238\"\n               data-title=\"4\"\n               data-description=\"\"\n               data-image-slug=\"4-57\"\n               class=\"shutterset_cd2ff157804d0f9647cf1517e8d4de01\">\n                <img\n                    title=\"4\"\n                    alt=\"4\"\n                    src=\"https:\/\/www.alberovagabondo.it\/wp-content\/gallery\/ragnatela\/thumbs\/thumbs_4.jpg\"\n                    width=\"100\"\n                    height=\"75\"\n                    style=\"max-width:100%;\"\n                \/>\n            <\/a>\n        <\/div>\n\t\t\t\t\t\t\t<\/div> \n\t\t\t\n        \n\t\t\t\t<div id=\"ngg-image-4\" class=\"ngg-gallery-thumbnail-box\" >\n\t\t\t\t        <div class=\"ngg-gallery-thumbnail\">\n            <a href=\"https:\/\/www.alberovagabondo.it\/wp-content\/gallery\/ragnatela\/5.jpg\"\n               title=\"\"\n               data-src=\"https:\/\/www.alberovagabondo.it\/wp-content\/gallery\/ragnatela\/5.jpg\"\n               data-thumbnail=\"https:\/\/www.alberovagabondo.it\/wp-content\/gallery\/ragnatela\/thumbs\/thumbs_5.jpg\"\n               data-image-id=\"1239\"\n               data-title=\"5\"\n               data-description=\"\"\n               data-image-slug=\"5-50\"\n               class=\"shutterset_cd2ff157804d0f9647cf1517e8d4de01\">\n                <img\n                    title=\"5\"\n                    alt=\"5\"\n                    src=\"https:\/\/www.alberovagabondo.it\/wp-content\/gallery\/ragnatela\/thumbs\/thumbs_5.jpg\"\n                    width=\"100\"\n                    height=\"75\"\n                    style=\"max-width:100%;\"\n                \/>\n            <\/a>\n        <\/div>\n\t\t\t\t\t\t\t<\/div> \n\t\t\t\n        \n\t\t\t\t<div id=\"ngg-image-5\" class=\"ngg-gallery-thumbnail-box\" >\n\t\t\t\t        <div class=\"ngg-gallery-thumbnail\">\n            <a href=\"https:\/\/www.alberovagabondo.it\/wp-content\/gallery\/ragnatela\/ringeringeraia-balenaeragnatela1.jpg\"\n               title=\"\"\n               data-src=\"https:\/\/www.alberovagabondo.it\/wp-content\/gallery\/ragnatela\/ringeringeraia-balenaeragnatela1.jpg\"\n               data-thumbnail=\"https:\/\/www.alberovagabondo.it\/wp-content\/gallery\/ragnatela\/thumbs\/thumbs_ringeringeraia-balenaeragnatela1.jpg\"\n               data-image-id=\"1240\"\n               data-title=\"ringeringeraia-balenaeragnatela1\"\n               data-description=\"\"\n               data-image-slug=\"ringeringeraia-balenaeragnatela1\"\n               class=\"shutterset_cd2ff157804d0f9647cf1517e8d4de01\">\n                <img\n                    title=\"ringeringeraia-balenaeragnatela1\"\n                    alt=\"ringeringeraia-balenaeragnatela1\"\n                    src=\"https:\/\/www.alberovagabondo.it\/wp-content\/gallery\/ragnatela\/thumbs\/thumbs_ringeringeraia-balenaeragnatela1.jpg\"\n                    width=\"100\"\n                    height=\"75\"\n                    style=\"max-width:100%;\"\n                \/>\n            <\/a>\n        <\/div>\n\t\t\t\t\t\t\t<\/div> \n\t\t\t\n        \n\t\t\n\t\t<!-- Pagination -->\n\t<div class='ngg-clear'><\/div>\t<\/div>\n\n<\/div>\n","protected":false},"excerpt":{"rendered":"<p>Il circuito Ragna-tela nasce in Campania nel 2008 come aggregazione di produttori-consumatori. Presenta eventi a cadenza mensile sul territorio campano ed \u00e8 parte integrante del circuito Genuino Clandestino a cui partecipa con cadenza semestrale su tutti gli eventi che vengono tenuti sul territorio nazionale. Inoltre rappresenta Campagna Contadina in seno al forum Europeo sulla Sovranit\u00e0 &hellip; <a href=\"https:\/\/www.alberovagabondo.it\/?p=1756\" class=\"more-link\">Continua la lettura di <span class=\"screen-reader-text\">A proposito di Ragna-tela\u2026<\/span> <span class=\"meta-nav\">&rarr;<\/span><\/a><\/p>\n","protected":false},"author":1,"featured_media":0,"comment_status":"open","ping_status":"open","sticky":false,"template":"","format":"standard","meta":{"ngg_post_thumbnail":0},"categories":[63],"tags":[],"_links":{"self":[{"href":"https:\/\/www.alberovagabondo.it\/index.php?rest_route=\/wp\/v2\/posts\/1756"}],"collection":[{"href":"https:\/\/www.alberovagabondo.it\/index.php?rest_route=\/wp\/v2\/posts"}],"about":[{"href":"https:\/\/www.alberovagabondo.it\/index.php?rest_route=\/wp\/v2\/types\/post"}],"author":[{"embeddable":true,"href":"https:\/\/www.alberovagabondo.it\/index.php?rest_route=\/wp\/v2\/users\/1"}],"replies":[{"embeddable":true,"href":"https:\/\/www.alberovagabondo.it\/index.php?rest_route=%2Fwp%2Fv2%2Fcomments&post=1756"}],"version-history":[{"count":3,"href":"https:\/\/www.alberovagabondo.it\/index.php?rest_route=\/wp\/v2\/posts\/1756\/revisions"}],"predecessor-version":[{"id":1760,"href":"https:\/\/www.alberovagabondo.it\/index.php?rest_route=\/wp\/v2\/posts\/1756\/revisions\/1760"}],"wp:attachment":[{"href":"https:\/\/www.alberovagabondo.it\/index.php?rest_route=%2Fwp%2Fv2%2Fmedia&parent=1756"}],"wp:term":[{"taxonomy":"category","embeddable":true,"href":"https:\/\/www.alberovagabondo.it\/index.php?rest_route=%2Fwp%2Fv2%2Fcategories&post=1756"},{"taxonomy":"post_tag","embeddable":true,"href":"https:\/\/www.alberovagabondo.it\/index.php?rest_route=%2Fwp%2Fv2%2Ftags&post=1756"}],"curies":[{"name":"wp","href":"https:\/\/api.w.org\/{rel}","templated":true}]}}