{"id":2175,"date":"2013-06-14T16:59:42","date_gmt":"2013-06-14T16:59:42","guid":{"rendered":"http:\/\/www.alberovagabondo.it\/?p=2175"},"modified":"2013-06-14T19:05:15","modified_gmt":"2013-06-14T19:05:15","slug":"terra-e-liberta-montella-il-documentario","status":"publish","type":"post","link":"https:\/\/www.alberovagabondo.it\/?p=2175","title":{"rendered":"Terra e libert\u00e0, Montella."},"content":{"rendered":"<div style=\"text-align: justify;\"><a href=\"http:\/\/www.alberovagabondo.it\/?p=2175\"><a href=\"http:\/\/www.alberovagabondo.it\/wp-content\/uploads\/2013\/06\/grano.jpg\"><img loading=\"lazy\" src=\"http:\/\/www.alberovagabondo.it\/wp-content\/uploads\/2013\/06\/grano-150x150.jpg\" alt=\"\" title=\"grano\" width=\"150\" height=\"150\" class=\"alignleft size-thumbnail wp-image-2176\" \/><\/a><\/a><br \/>\nDal 2001, a  Montella, dove sorgeva l&#8217;ex cappella del convento di San Francesco a Folloni, \u00e8 in atto un esperimento di sostenibilit\u00e0 ambientale di cui Giovanni di Genua \u00e8 il principale riferimento. Si tratta di \u201cAccoglienza rurale Terra e Libert\u00e0\u201d aderente alla rete campana \u201cRagna-tela\u201d  e all\u2019interno del movimento nazionale \u201cGenuino Clandestino\u201d. Giovanni \u00e8 anche uno dei rappresentanti nazionali di \u201cCampagna per l\u2019agricoltura contadina\u201d il cui obiettivo \u00e8 la libera lavorazione dei prodotti della terra secondo pratiche colturali legate all\u2019agricoltura biologica, biodinamica, sinergica.<br \/>\n<!--more continua...--><\/p>\n<p><strong> Terra e Libert\u00e0 Montella<\/strong><\/p>\n<p align=\"center\">\n<iframe loading=\"lazy\" width=\"560\" height=\"345\" src=\"http:\/\/www.youtube.com\/embed\/pkFJsvu2a0w?rel=0&#038;autoplay=1\" frameborder=\"0\" allowfullscreen><\/iframe><\/p>\n<p>   Le strutture sono dotate di impianti di fitodepurazione per le acque reflue, solare termico per l\u2019acqua calda, fotovoltaico per l\u2019energia elettrica e i locali sono stati costruiti in bioedilizia usando solo  calce, pietra e legno.<br \/>\nSi tratta di una piccola realt\u00e0 che produce per l\u2019autosufficienza e vende il surplus innescando un processo di decrescita virtuosa ma, come tutti i piccoli produttori agricoli, deve fare i conti con le direttive europee che a livello nazionale e locale vengono applicate non tenendo conto delle loro esigenze. Ma quali sono le soluzioni?<br \/>\nGenuino Clandestino propone la \u201ccertificazione partecipata\u201d basata sulla conoscenza tra produttore e consumatore e Campagna contadina, dal 2009, sta cercando di far approvare una proposta di legge per consentire ai piccoli produttori agricoli di vendere, trasformare e distribuire i propri prodotti deregolamentando delle normative sanitarie troppo rigide e vincolanti.<br \/>\nRagna-tela, invece, nasce come aggregazione di produttori-consumatori in Campania nel 2008 dove realizza eventi mensilmente e fa parte di Genuino Clandestino, inoltre ha rappresentato Campagna Contadina in seno al forum Europeo sulla Sovranit\u00e0 Alimentare tenutosi a Kreims in Austria in agosto 2011. L\u2019obiettivo di Ragnatela oltre alla sensibilizzazione sulle tecnologie di agricoltura biologica, sui meccanismi di decrescita e di sostenibilit\u00e0 ambientale delle produzioni \u00e8 quello di favorire la visibilit\u00e0 di associazioni e organizzazioni che si muovono in ambito sociale. A tale fine promuove eventi itineranti e piccoli mercati in Campania. I produttori sono piccoli produttori agricoli sostenuti da Campagna contadina in base al criterio della certificazione partecipata che trasformano ed offrono i propri prodotti direttamente al consumatore.<br \/>\nLe canzoni utilizzate, come in tutti i gli speciali realizzati per Tesori d&#8217;Irpinia, sono di gruppi irpini. Si ringraziano i Makard\u00eca con &#8220;Energia&#8221; e la Lumanera  con &#8220;Nun \u00e8 sempe oro&#8221;, &#8220;Fronna o Rais&#8221; e &#8220;Carne e maciello&#8221;.<br \/>\nLo Speciale \u00e8 stato realizzato per Tesori d&#8217;Irpinia. Realizzazione e riprese Virginiano Spiniello, direttore di produzione Vinia La Sala, montaggio Italo Argenio.<br \/>\n<br \/>Per ulteriori informazioni consulta il sito ufficiale di <a href='http:\/\/ragnatela.noblogs.org'>Ragna-tela<\/a> e di <a href='http:\/\/genuinoclandestino.noblogs.org\/'>Genuino Clandestino<\/a>.<br \/>\nAltri dettagli a breve sul blog di <a href='http:\/\/tdirpinia.blogspot.it\/'>Tesori di Irpinia<\/a>.\n <\/div>\n","protected":false},"excerpt":{"rendered":"<p>Dal 2001, a Montella, dove sorgeva l&#8217;ex cappella del convento di San Francesco a Folloni, \u00e8 in atto un esperimento di sostenibilit\u00e0 ambientale di cui Giovanni di Genua \u00e8 il principale riferimento. Si tratta di \u201cAccoglienza rurale Terra e Libert\u00e0\u201d aderente alla rete campana \u201cRagna-tela\u201d e all\u2019interno del movimento nazionale \u201cGenuino Clandestino\u201d. Giovanni \u00e8 anche &hellip; <a href=\"https:\/\/www.alberovagabondo.it\/?p=2175\" class=\"more-link\">Continua la lettura di <span class=\"screen-reader-text\">Terra e libert\u00e0, Montella.<\/span> <span class=\"meta-nav\">&rarr;<\/span><\/a><\/p>\n","protected":false},"author":1,"featured_media":0,"comment_status":"open","ping_status":"open","sticky":false,"template":"","format":"standard","meta":{"ngg_post_thumbnail":0},"categories":[63],"tags":[66,125,126],"_links":{"self":[{"href":"https:\/\/www.alberovagabondo.it\/index.php?rest_route=\/wp\/v2\/posts\/2175"}],"collection":[{"href":"https:\/\/www.alberovagabondo.it\/index.php?rest_route=\/wp\/v2\/posts"}],"about":[{"href":"https:\/\/www.alberovagabondo.it\/index.php?rest_route=\/wp\/v2\/types\/post"}],"author":[{"embeddable":true,"href":"https:\/\/www.alberovagabondo.it\/index.php?rest_route=\/wp\/v2\/users\/1"}],"replies":[{"embeddable":true,"href":"https:\/\/www.alberovagabondo.it\/index.php?rest_route=%2Fwp%2Fv2%2Fcomments&post=2175"}],"version-history":[{"count":7,"href":"https:\/\/www.alberovagabondo.it\/index.php?rest_route=\/wp\/v2\/posts\/2175\/revisions"}],"predecessor-version":[{"id":2185,"href":"https:\/\/www.alberovagabondo.it\/index.php?rest_route=\/wp\/v2\/posts\/2175\/revisions\/2185"}],"wp:attachment":[{"href":"https:\/\/www.alberovagabondo.it\/index.php?rest_route=%2Fwp%2Fv2%2Fmedia&parent=2175"}],"wp:term":[{"taxonomy":"category","embeddable":true,"href":"https:\/\/www.alberovagabondo.it\/index.php?rest_route=%2Fwp%2Fv2%2Fcategories&post=2175"},{"taxonomy":"post_tag","embeddable":true,"href":"https:\/\/www.alberovagabondo.it\/index.php?rest_route=%2Fwp%2Fv2%2Ftags&post=2175"}],"curies":[{"name":"wp","href":"https:\/\/api.w.org\/{rel}","templated":true}]}}