{"id":2493,"date":"2014-09-01T17:31:46","date_gmt":"2014-09-01T17:31:46","guid":{"rendered":"http:\/\/www.alberovagabondo.it\/?p=2493"},"modified":"2014-09-02T10:46:38","modified_gmt":"2014-09-02T10:46:38","slug":"il-re-e-nudo-e-la-terra-e-stanca","status":"publish","type":"post","link":"https:\/\/www.alberovagabondo.it\/?p=2493","title":{"rendered":"Il re \u00e8 nudo e la terra \u00e8 stanca!"},"content":{"rendered":"<p><a href=\"http:\/\/www.alberovagabondo.it\/wp-content\/uploads\/2014\/09\/renudo3.jpg\"><img loading=\"lazy\" src=\"http:\/\/www.alberovagabondo.it\/wp-content\/uploads\/2014\/09\/renudo2-150x150.jpg\" alt=\"\" title=\"renudo\" width=\"150\" height=\"150\" class=\"alignleft size-thumbnail wp-image-2497\" \/><\/a>Viveva in una nazione ricca di acqua, di terra e di sole un re vanitoso e arrogante a cui piaceva molto sembrare elegante e alla moda, ma che non era capace, come del resto i suoi predecessori, di governare quella nazione cos\u00ec verde e ricca, troppo preso a saccheggiarla insieme ai suoi cortigiani. Un giorno alcuni venditori di fumo, avendo saputo come era facile approfittarsi di quella terra utilizzando i punti deboli dei suoi governanti, ritennero giunto il loro turno e si presentarono dal re annunciando di avere un nuovo vestito meraviglioso, fatto di un tessuto coloratissimo, con sfumature d&#8217;oro e d&#8217;argento, di platino e di smeraldo che profumava di successo.<!--more continua...--> \u00abIl vestito ha una sua magia\u00bb dissero i venditori al re prima di mostrarglielo \u00abinfatti solo i ribelli e gli uomini liberi non riescono a vederlo. Quindi, o mio re, avrai un ulteriore vantaggio scoprendo chi potr\u00e0 non esserti fedele\u00bb. Ora il re, che rispondeva del suo operato ad altri re del nord pi\u00f9 potenti di lui e ai loro finanziatori, aveva l&#8217;assoluto terrore di apparire un uomo libero. Ancora di pi\u00f9 avevano paura di lui i suoi cortigiani, che vivevano alle sue spalle e, per ultimo, non aveva nessun interesse a essere accusato di libert\u00e0 il popolo bue, il cui principale timore era quello di non uniformarsi al pensiero comune dettato dal re e dalla sua corte. Quindi, quando i venditori di fumo si presero gli ultimi pezzi di terra ancora buoni in cambio di un vestito che non c&#8217;era, lodarono sperticatamente un tessuto che non esisteva, che non profumava di successo e soprattutto che non rifulgeva d&#8217;oro, d&#8217;argento, di platino e smeraldi. Il re, spogliatosi nel suo camerino, indoss\u00f2 il suo vestito invisibile a tutti e, seguendo il consiglio dei venditori di fumo, al fine di scoprire chi dei suoi sudditi fosse un ribelle, sfil\u00f2 al centro del paese. Il re attravers\u00f2 le vie della citt\u00e0 indossando solo una corona, di fronte a una folla di cittadini plaudenti e i venditori di fumo, dietro, sogghignanti, a reggere un immaginario mantello. Ad un certo punto, per\u00f2, si sent\u00ec un grido provenire dalla folla: \u00ab Il re \u00e8 nudo! E&#8217; nudo, nudo!\u00bb Era un bambinetto con le mani alzate, sporche del colore della sua gioia, che si avvicinava lentamente al suo re e intanto continuava a gridare, mentre il silenzio calava e i venditori di fumo lasciavano cadere l&#8217;immaginario mantello e alzavano le mani al cielo, terrorizzati dallo sguardo umiliato e rabbioso di alcuni cittadini e dall&#8217;imbarazzo del re e dei cortigiani. <\/p>\n<p><strong>Nota bene<\/strong><br \/>\n&#8220;Il re \u00e8 nudo&#8221; \u00e8 una frase che si usa con lo scopo di denunciare una situazione in cui la maggioranza sceglie volontariamente di non denunciare un fatto noto a tutti, fingendo di non vederlo. Nel caso dell&#8217;Italia ben si presta alle drammatiche condizioni ambientali in cui versa la nostra nazione e l&#8217;appennino meridionale e il sud in particolare, colonia energetica &#8211; tra petrolio, sfruttamento e inquinamento delle sorgenti, speculazione energetica, rifiuti industriali smaltiti illecitamente &#8211; di cortigiani spudorati,  di re nudi e di cittadini il cui principale peccato \u00e8 dichiararsi liberi.<br \/>\n<em>La prima favola &#8220;La rivolta delle pecore&#8221; \u00e8 stata pubblicata su cartaceo su Il ponte news il 2 novembre 2011, riservando all&#8217;Associazione che si occupa de L&#8217;Albero Vagabondo tutti i diritti di Copyright sul nome &#8220;La rivolta delle pecore&#8221;.<br \/>\n<\/em><br \/>\n<img loading=\"lazy\" src=\"http:\/\/www.alberovagabondo.it\/wp-content\/uploads\/2014\/09\/renudo3-1024x768.jpg\" alt=\"\" title=\"renudo\" width=\"640\" height=\"480\" class=\"alignleft size-large wp-image-2500\" srcset=\"https:\/\/www.alberovagabondo.it\/wp-content\/uploads\/2014\/09\/renudo3-1024x768.jpg 1024w, https:\/\/www.alberovagabondo.it\/wp-content\/uploads\/2014\/09\/renudo3-300x225.jpg 300w, https:\/\/www.alberovagabondo.it\/wp-content\/uploads\/2014\/09\/renudo3-600x450.jpg 600w, https:\/\/www.alberovagabondo.it\/wp-content\/uploads\/2014\/09\/renudo3-150x112.jpg 150w, https:\/\/www.alberovagabondo.it\/wp-content\/uploads\/2014\/09\/renudo3-400x300.jpg 400w, https:\/\/www.alberovagabondo.it\/wp-content\/uploads\/2014\/09\/renudo3.jpg 1300w\" sizes=\"(max-width: 640px) 100vw, 640px\" \/><\/a><\/p>\n<div style=\"text-align: justify;\"><a href=\"http:\/\/www.alberovagabondo.it\/?p=2493\"><\/p>\n<\/div>\n","protected":false},"excerpt":{"rendered":"<p>Viveva in una nazione ricca di acqua, di terra e di sole un re vanitoso e arrogante a cui piaceva molto sembrare elegante e alla moda, ma che non era capace, come del resto i suoi predecessori, di governare quella nazione cos\u00ec verde e ricca, troppo preso a saccheggiarla insieme ai suoi cortigiani. Un giorno &hellip; <a href=\"https:\/\/www.alberovagabondo.it\/?p=2493\" class=\"more-link\">Continua la lettura di <span class=\"screen-reader-text\">Il re \u00e8 nudo e la terra \u00e8 stanca!<\/span> <span class=\"meta-nav\">&rarr;<\/span><\/a><\/p>\n","protected":false},"author":1,"featured_media":0,"comment_status":"open","ping_status":"open","sticky":false,"template":"","format":"standard","meta":{"ngg_post_thumbnail":0},"categories":[83,111],"tags":[165,52,331],"_links":{"self":[{"href":"https:\/\/www.alberovagabondo.it\/index.php?rest_route=\/wp\/v2\/posts\/2493"}],"collection":[{"href":"https:\/\/www.alberovagabondo.it\/index.php?rest_route=\/wp\/v2\/posts"}],"about":[{"href":"https:\/\/www.alberovagabondo.it\/index.php?rest_route=\/wp\/v2\/types\/post"}],"author":[{"embeddable":true,"href":"https:\/\/www.alberovagabondo.it\/index.php?rest_route=\/wp\/v2\/users\/1"}],"replies":[{"embeddable":true,"href":"https:\/\/www.alberovagabondo.it\/index.php?rest_route=%2Fwp%2Fv2%2Fcomments&post=2493"}],"version-history":[{"count":7,"href":"https:\/\/www.alberovagabondo.it\/index.php?rest_route=\/wp\/v2\/posts\/2493\/revisions"}],"predecessor-version":[{"id":2498,"href":"https:\/\/www.alberovagabondo.it\/index.php?rest_route=\/wp\/v2\/posts\/2493\/revisions\/2498"}],"wp:attachment":[{"href":"https:\/\/www.alberovagabondo.it\/index.php?rest_route=%2Fwp%2Fv2%2Fmedia&parent=2493"}],"wp:term":[{"taxonomy":"category","embeddable":true,"href":"https:\/\/www.alberovagabondo.it\/index.php?rest_route=%2Fwp%2Fv2%2Fcategories&post=2493"},{"taxonomy":"post_tag","embeddable":true,"href":"https:\/\/www.alberovagabondo.it\/index.php?rest_route=%2Fwp%2Fv2%2Ftags&post=2493"}],"curies":[{"name":"wp","href":"https:\/\/api.w.org\/{rel}","templated":true}]}}