{"id":2533,"date":"2014-10-30T06:40:56","date_gmt":"2014-10-30T06:40:56","guid":{"rendered":"http:\/\/www.alberovagabondo.it\/?p=2533"},"modified":"2014-12-24T06:57:56","modified_gmt":"2014-12-24T06:57:56","slug":"il-veleno-delluomo-quando-inizia-la-rivolta","status":"publish","type":"post","link":"https:\/\/www.alberovagabondo.it\/?p=2533","title":{"rendered":"Il veleno dell&#8217;uomo, quando inizia la rivolta?"},"content":{"rendered":"<div style=\"text-align: justify;\"><a href=\"http:\/\/www.alberovagabondo.it\/?p=2533\"><img loading=\"lazy\" src=\"http:\/\/www.alberovagabondo.it\/wp-content\/uploads\/2014\/10\/IMGP70291-150x150.jpg\" alt=\"\" title=\"IMGP7029\" width=\"150\" height=\"150\" class=\"alignleft size-thumbnail wp-image-2537\" \/><\/a>Il cane pastore ci guarda &#8211; disse la Pecora nera &#8211; e noi continuiamo a brucare, non sappiamo nemmeno se l&#8217;erba \u00e8 buona&#8221;.<br \/>\n&#8220;Alcune, mi dice una sorella che veniva dalle terre alte, quelle dei lupi, hanno  pastori che le stanno portando a pascere sui campi avvelenati.<br \/>\n&#8220;Nessun pastore &#8211; intervenne il capro espiatorio &#8211; vuole portare le pecore sui campi avvelenati, ma se dai campi esce quella cosa nera che puzza, o nell&#8217;aria si diffonde quella polvere sottile che brucia occhi e intestino. Ecco allora, io, credo noi dovremmo ribellarci&#8221;.<!--more continua...--> <br \/>\n&#8220;Cugino &#8211; disse la Pecora nera &#8211; io ho capito da tempo che l&#8217;unica rivolta \u00e8 il salto, l&#8217;evoluzione&#8221;<br \/>\n&#8220;Non basta &#8211; disse la capra &#8211; l&#8217;uomo non ci lascer\u00e0 libere, corre veloce e i suoi cani sono addestrati&#8221;<br \/>\nL&#8217;agnello sacrificale, che si trovava a passare di l\u00ec &#8211; oramai era quasi pasqua e gi\u00e0 si stava formando una sua coscienza sociale &#8211; intervenne.<br \/>\n&#8220;Qui nel gregge vi ascoltiamo spesso, \u00e8 vero, il pastore presto mi prender\u00e0 e io andr\u00f2 a finire nella pancia di qualche bambino, magari \u00e8 questo il mio destino, mi sta anche bene. Per\u00f2 non credo che gli uomini siano cos\u00ec cattivi come dite, non possono avvelenarci, noi ci offriamo in sacrificio per loro, io, come i miei fratelli, non grider\u00f2 nemmeno&#8221;.<br \/>\nIl capro espiatorio sbuff\u00f2, la Pecora nera stava per aprire bocca quando, immediatamente si gir\u00f2 verso i fratelli e le sorelle. Il cane pastore era vecchio e oramai non riusciva pi\u00f9 a fare il suo mestiere.<br \/>\n&#8220;Al lupo, al lupo! Corri agnellino, corri cugino, tu che sei pi\u00f9 libero di noi, salta pi\u00f9 forte, corri, i lupi stanno arrivando di nuovo&#8221;.<br \/>\nIn quel mentre una lupa grigia corse veloce attraverso il gregge, aveva la schiuma alla bocca e rantolava. Le pecore si scostarono e lei atterr\u00f2 al centro del gregge, mentre il cane pastore abbaiava forte e il pastore arrivava.<br \/>\n&#8220;T&#8217;ho preso maledetta, l&#8217;hai mangiato il veleno nella carcassa!&#8221;. Le pecore continuarono a brucare in silenzio, il pastore diede un calcio al cane, per non farlo avvicinare all&#8217;animale che aveva mangiato la stricnina.<br \/>\nIl capro espiatorio, pi\u00f9 curioso degli altri, si avvicin\u00f2 e senti un odore dolciastro. &#8220;Questo ha mangiato le pecore che avevano straziato i cani randagi&#8221;.<br \/>\nSi alz\u00f2 la voce del falco: &#8220;Capro mio, siamo tutti fratelli e siamo oramai nelle mani dell&#8217;uomo, dobbiamo solo scappare nelle terre alte, nelle terre dei lupi, dove non ci sono strade, solo l\u00ec saremo in salvo, venite, salite verso le cime, ma attenti, perch\u00e9 anche la regina aquila \u00e8 in pericolo, l&#8217;uomo non ci vuole pi\u00f9 bene, n\u00e9 ci rispetta, pur mangiandoci, come una volta&#8221;.<br \/>\nLa Pecora nera e il Capro Espiatorio guardarono l&#8217;agnello sacrificale scappare via alla vista del falco e capirono che pochi sarebbero arrivati alle terre alte, molti sarebbero stati mangiati dai lupi e che il falco, in ogni caso, aveva detto l&#8217;unica verit\u00e0. Per quel giorno and\u00f2 cos\u00ec e altri ancora ne vennero. <\/p>\n<p><em>La rivolta delle pecore. Autore Virginiano Spiniello. <\/em><br \/>\n La prima favola dal titolo &#8220;la rivolta delle pecore&#8221; \u00e8 stata pubblicata sul Settimanale Il Ponte nel 2011, con diritti riservati Associazione Culturale Giovanni Spiniello, poi trasferiti come copyright all\u2019associazione L\u2019Albero Vagabondo, i testi sono di Virginiano Spiniello, le illustrazioni di Giovanni Spiniello, le foto dell&#8217;Albero Vagabondo\n<\/div>\n","protected":false},"excerpt":{"rendered":"<p>Il cane pastore ci guarda &#8211; disse la Pecora nera &#8211; e noi continuiamo a brucare, non sappiamo nemmeno se l&#8217;erba \u00e8 buona&#8221;. &#8220;Alcune, mi dice una sorella che veniva dalle terre alte, quelle dei lupi, hanno pastori che le stanno portando a pascere sui campi avvelenati. &#8220;Nessun pastore &#8211; intervenne il capro espiatorio &#8211; &hellip; <a href=\"https:\/\/www.alberovagabondo.it\/?p=2533\" class=\"more-link\">Continua la lettura di <span class=\"screen-reader-text\">Il veleno dell&#8217;uomo, quando inizia la rivolta?<\/span> <span class=\"meta-nav\">&rarr;<\/span><\/a><\/p>\n","protected":false},"author":1,"featured_media":0,"comment_status":"open","ping_status":"open","sticky":false,"template":"","format":"standard","meta":{"ngg_post_thumbnail":0},"categories":[111],"tags":[112,331,33],"_links":{"self":[{"href":"https:\/\/www.alberovagabondo.it\/index.php?rest_route=\/wp\/v2\/posts\/2533"}],"collection":[{"href":"https:\/\/www.alberovagabondo.it\/index.php?rest_route=\/wp\/v2\/posts"}],"about":[{"href":"https:\/\/www.alberovagabondo.it\/index.php?rest_route=\/wp\/v2\/types\/post"}],"author":[{"embeddable":true,"href":"https:\/\/www.alberovagabondo.it\/index.php?rest_route=\/wp\/v2\/users\/1"}],"replies":[{"embeddable":true,"href":"https:\/\/www.alberovagabondo.it\/index.php?rest_route=%2Fwp%2Fv2%2Fcomments&post=2533"}],"version-history":[{"count":4,"href":"https:\/\/www.alberovagabondo.it\/index.php?rest_route=\/wp\/v2\/posts\/2533\/revisions"}],"predecessor-version":[{"id":2536,"href":"https:\/\/www.alberovagabondo.it\/index.php?rest_route=\/wp\/v2\/posts\/2533\/revisions\/2536"}],"wp:attachment":[{"href":"https:\/\/www.alberovagabondo.it\/index.php?rest_route=%2Fwp%2Fv2%2Fmedia&parent=2533"}],"wp:term":[{"taxonomy":"category","embeddable":true,"href":"https:\/\/www.alberovagabondo.it\/index.php?rest_route=%2Fwp%2Fv2%2Fcategories&post=2533"},{"taxonomy":"post_tag","embeddable":true,"href":"https:\/\/www.alberovagabondo.it\/index.php?rest_route=%2Fwp%2Fv2%2Ftags&post=2533"}],"curies":[{"name":"wp","href":"https:\/\/api.w.org\/{rel}","templated":true}]}}