{"id":2658,"date":"2014-12-11T06:47:21","date_gmt":"2014-12-11T06:47:21","guid":{"rendered":"http:\/\/www.alberovagabondo.it\/?p=2658"},"modified":"2014-12-17T22:05:25","modified_gmt":"2014-12-17T22:05:25","slug":"la-rivolta-delle-pecore-parte-da-avellino-il-20-dicembre-diffondete-la-rivolta","status":"publish","type":"post","link":"https:\/\/www.alberovagabondo.it\/?p=2658","title":{"rendered":"La rivolta delle pecore parte da Avellino il 20 dicembre. Diffondete la rivolta!"},"content":{"rendered":"<div style=\"text-align: justify;\"><a href=\"http:\/\/www.alberovagabondo.it\/?p=2658\"><img loading=\"lazy\" class=\"alignleft size-thumbnail wp-image-2659\" title=\"retro\" src=\"http:\/\/www.alberovagabondo.it\/wp-content\/uploads\/2014\/12\/retro-150x150.jpg\" alt=\"\" width=\"150\" height=\"150\" \/><\/a> Il 20 dicembre alle 17,30, presso il Circolo della Stampa di Avellino, inizia la Rivolta delle pecore! Nel corso dell&#8217;evento, al quale\u00a0interverr\u00e0 l&#8217;editrice Donatella De Bartolemeis sar\u00e0 presentato il quaderno\u00a0<strong>&#8220;La rivolta delle pecore. Storie libertarie di animali rivoluzionari&#8221;<\/strong>, di Virginiano Spiniello, Edizioni Il Papavero. In contemporanea, l&#8217;installazione &#8220;La terra \u00e8 stanca&#8221; di Giovanni Spiniello e la proiezione di un breve docufilm sulle tappe del viaggio dell&#8217;Albero Vagabondo.Per i pi\u00f9 piccoli sar\u00e0 allestita una Festa del colore e si chieder\u00e0 ai bambini che vorranno liberamente intervenire di portare con s\u00e9 una tavoletta dei loro disegni per installarla sui luoghi che i grandi devono pulire.\u00a0L&#8217;installazione artistica e documentale durer\u00e0 dal 20 al 26 dicembre.<!--more continua...--><strong> <\/strong>Il Quaderno &#8220;La rivolta delle pecore&#8221; &#8211; prefazione di Antonello Petrillo, sociologo e autore di &#8220;Biopolitica di un rifiuto&#8221; &#8211; \u00e8 l&#8217;esito finale del viaggio dell&#8217;Albero sull&#8217;Appennino Campano.\u00a0E&#8217; un invito alla consapevolezza e al cambiamento, perch\u00e9\u00a0<em>la rivolta delle pecore \u00e8 un koan, in quanto l\u2019unica rivoluzione \u00e8 il salto, l\u2019evoluzione.<\/em> In accordo con le Edizioni Il Papavero, dopo aver diffuso gratuitamente sulla rete le favole a partire dal 2011, sar\u00e0 sempre possibile continuare a leggere liberamente &#8220;La rivolta delle pecore&#8221;\u00a0<a href=\"http:\/\/www.alberovagabondo.it\/?p=1343\">http:\/\/www.alberovagabondo.it\/?p=1343<\/a> e &#8220;Riflessioni di una pecora nera: la tosatura&#8221; <a href=\"http:\/\/www.alberovagabondo.it\/?p=1911\">http:\/\/www.alberovagabondo.it\/?p=1911<\/a> on line.&nbsp;<\/p>\n<p>Il Quaderno, presenta inediti, poesie e tavole rigorosamente in bianco e nero di Giovanni Spiniello,\u00a0<a href=\"http:\/\/www.giovannispiniello.it\/\">www.giovannispiniello.it<\/a>, incisore, scultore, pittore, ceramista &#8211; Biennale di Venezia 1968, Quadriennale di Roma 1975, Segnalato Bolaffi da Crispolti nel 1978 &#8211; e padre di Virginiano. Giovanni \u00e8 il creatore dell&#8217;installazione di oltre quattro metri dell&#8217;Albero Vagabondo\u00ae formata dai rifiuti raccolti ai piedi degli alberi e assemblati con materiale contaminante. Insieme padre e figlio portano avanti dal 2008 le Feste del Colore dell\u2019Albero Vagabondo\u00a9, esperimento di arte nel sociale ed educazione ambientale per segnalare le discariche abusive in montagna, e salvare le sorgenti. L&#8217;iniziativa sar\u00e0 l&#8217;occasione per presentare le attivit\u00e0 di educazione, arte e informazione ambientale dell&#8217;Associazione,\u00a0<a href=\"http:\/\/www.alberovagabondo.it\/\">www.alberovagabondo.it<\/a>, che da otto anni raccoglie e pubblica sul sito &#8211; oltre alle foto degli sversamenti abusivi in montagna &#8211; favole e disegni dei bambini per insegnare ai pi\u00f9 grandi a pulire le montagne dai rifiuti e a difendere le sorgenti dei Picentini e dell&#8217;Appennino.<\/p>\n<p>Qui, sull\u2019Appennino meridionale, \u00e8 nata l\u2019idea del Quaderno la\u00a0<strong>Rivolta delle Pecore<\/strong> al quale l\u2019associazione senza scopo di lucro l\u2019Albero vagabondo si affida per continuare a il suo viaggio. Saranno sempre i bimbi ad educare i grandi a rispettare le montagne.<\/p>\n<p>Diffondete la rivolta! Anche su facebook:\u00a0<a href=\"https:\/\/www.facebook.com\/rivoltadellepecore\">https:\/\/www.facebook.com\/rivoltadellepecore<\/a><\/p>\n<p>Per info sul progetto contattare\u00a0<a href=\"mailto:favole@alberovagabondo.it\">favole@alberovagabondo.it<\/a>. Quaderno edito da\u00a0<a href=\"http:\/\/edizioniilpapavero.com\/\">http:\/\/edizioniilpapavero.com<\/a><\/p>\n<\/div>\n<div><span style=\"text-align: justify;\"><a href=\"http:\/\/www.alberovagabondo.it\/wp-content\/uploads\/2014\/12\/retro1.jpg\"><img loading=\"lazy\" class=\"alignleft size-large wp-image-2662\" title=\"retro\" src=\"http:\/\/www.alberovagabondo.it\/wp-content\/uploads\/2014\/12\/retro1-957x1024.jpg\" alt=\"\" width=\"640\" height=\"684\" srcset=\"https:\/\/www.alberovagabondo.it\/wp-content\/uploads\/2014\/12\/retro1-957x1024.jpg 957w, https:\/\/www.alberovagabondo.it\/wp-content\/uploads\/2014\/12\/retro1-280x300.jpg 280w, https:\/\/www.alberovagabondo.it\/wp-content\/uploads\/2014\/12\/retro1-600x642.jpg 600w, https:\/\/www.alberovagabondo.it\/wp-content\/uploads\/2014\/12\/retro1-140x150.jpg 140w, https:\/\/www.alberovagabondo.it\/wp-content\/uploads\/2014\/12\/retro1-400x428.jpg 400w, https:\/\/www.alberovagabondo.it\/wp-content\/uploads\/2014\/12\/retro1.jpg 1000w\" sizes=\"(max-width: 640px) 100vw, 640px\" \/><\/a><br \/>\n<\/span><\/div>\n","protected":false},"excerpt":{"rendered":"<p>Il 20 dicembre alle 17,30, presso il Circolo della Stampa di Avellino, inizia la Rivolta delle pecore! Nel corso dell&#8217;evento, al quale\u00a0interverr\u00e0 l&#8217;editrice Donatella De Bartolemeis sar\u00e0 presentato il quaderno\u00a0&#8220;La rivolta delle pecore. Storie libertarie di animali rivoluzionari&#8221;, di Virginiano Spiniello, Edizioni Il Papavero. In contemporanea, l&#8217;installazione &#8220;La terra \u00e8 stanca&#8221; di Giovanni Spiniello e &hellip; <a href=\"https:\/\/www.alberovagabondo.it\/?p=2658\" class=\"more-link\">Continua la lettura di <span class=\"screen-reader-text\">La rivolta delle pecore parte da Avellino il 20 dicembre. Diffondete la rivolta!<\/span> <span class=\"meta-nav\">&rarr;<\/span><\/a><\/p>\n","protected":false},"author":1,"featured_media":0,"comment_status":"open","ping_status":"open","sticky":false,"template":"","format":"standard","meta":{"ngg_post_thumbnail":0},"categories":[111],"tags":[27,161],"_links":{"self":[{"href":"https:\/\/www.alberovagabondo.it\/index.php?rest_route=\/wp\/v2\/posts\/2658"}],"collection":[{"href":"https:\/\/www.alberovagabondo.it\/index.php?rest_route=\/wp\/v2\/posts"}],"about":[{"href":"https:\/\/www.alberovagabondo.it\/index.php?rest_route=\/wp\/v2\/types\/post"}],"author":[{"embeddable":true,"href":"https:\/\/www.alberovagabondo.it\/index.php?rest_route=\/wp\/v2\/users\/1"}],"replies":[{"embeddable":true,"href":"https:\/\/www.alberovagabondo.it\/index.php?rest_route=%2Fwp%2Fv2%2Fcomments&post=2658"}],"version-history":[{"count":7,"href":"https:\/\/www.alberovagabondo.it\/index.php?rest_route=\/wp\/v2\/posts\/2658\/revisions"}],"predecessor-version":[{"id":2664,"href":"https:\/\/www.alberovagabondo.it\/index.php?rest_route=\/wp\/v2\/posts\/2658\/revisions\/2664"}],"wp:attachment":[{"href":"https:\/\/www.alberovagabondo.it\/index.php?rest_route=%2Fwp%2Fv2%2Fmedia&parent=2658"}],"wp:term":[{"taxonomy":"category","embeddable":true,"href":"https:\/\/www.alberovagabondo.it\/index.php?rest_route=%2Fwp%2Fv2%2Fcategories&post=2658"},{"taxonomy":"post_tag","embeddable":true,"href":"https:\/\/www.alberovagabondo.it\/index.php?rest_route=%2Fwp%2Fv2%2Ftags&post=2658"}],"curies":[{"name":"wp","href":"https:\/\/api.w.org\/{rel}","templated":true}]}}