{"id":2670,"date":"2014-12-17T22:21:06","date_gmt":"2014-12-17T22:21:06","guid":{"rendered":"http:\/\/www.alberovagabondo.it\/?p=2670"},"modified":"2015-01-05T01:05:10","modified_gmt":"2015-01-05T01:05:10","slug":"la-terra-e-stanca-difendiamo-le-sorgenti-inizia-la-rivolta-delle-pecore-20-dicembre-avellino","status":"publish","type":"post","link":"https:\/\/www.alberovagabondo.it\/?p=2670","title":{"rendered":"La terra \u00e8 stanca, difendiamo le sorgenti! Inizia la rivolta delle pecore, 20 dicembre Avellino"},"content":{"rendered":"<div style=\"text-align: justify;\">\n<p><a href=\"http:\/\/www.alberovagabondo.it\/?p=2670\"><img loading=\"lazy\" class=\"alignleft size-thumbnail wp-image-2656\" title=\"Copertina_definitivo\" src=\"http:\/\/www.alberovagabondo.it\/wp-content\/uploads\/2014\/03\/Copertina_definitivo4-150x150.jpg\" alt=\"\" width=\"150\" height=\"150\" \/><\/a><\/p>\n<p><em>Inizia in un giorno qualunque, uno di quelli che sembrano uguali agli altri, ma in quel giorno qualcosa cambia. Non sappiamo cosa. \u00c9 come un sasso che rotola su un altro sasso. Il sasso sposta un po\u2019 di terra. E un giorno quella terra cadr\u00e0, non frenata pi\u00f9 dalle radici dell\u2019albero che la proteggeva dal vento e dalla pioggia. Ecco, quel giorno, le radici si spezzano e inizia la rivolta, la rivolta delle pecore. <\/em><br \/>\n<!--more continua...--><\/p>\n<\/div>\n<div>\n<p><span style=\"text-align: justify;\">Sembra che nello stemma della citt\u00e0 di Avellino figuri una pecora, alcuni dicono seduta, altri in piedi. Il 20 dicembre alle 17,30, presso il Circolo della Stampa di Avellino, all&#8217;inizio di Corso Vittorio Emanuele, l&#8217;Associazione L&#8217;Albero Vagabondo\u00ae,\u00a0<a href=\"http:\/\/www.alberovagabondo.it\/\">www.alberovagabondo.it<\/a>, chiede alle pecore rimaste in piedi di iniziare una grande marcia di pace per diffondere il messaggio di amore e rispetto del Quaderno &#8220;Rivolta delle Pecore&#8221; edito da Il Papavero e, attraverso le favole, far conoscere e difendere montagne, sorgenti, fauna e flora dell&#8217;Appennino. <\/span><\/p>\n<p>Ad introdurre l&#8217;evento sar\u00e0 il richiamo liberatorio della\u00a0<em>Scuola di Tarantella Montemaranese<\/em>, a chiuderlo la performance sonora e libertaria dei cantastorie altirpini\u00a0<em>Makard\u00eca<\/em>.<\/p>\n<p>In contemporanea,\u00a0<em>e fino al 26 dicembre<\/em>, l&#8217;installazione artistica di sculture, tele e incisioni &#8220;La terra \u00e8 stanca&#8221; di\u00a0Giovanni Spiniello &#8211; Biennale di Venezia 1968, Quadriennale di Roma &#8217;75, Segnalato Bolaffi da Crispolti nel 1978 &#8211; illustratore delle tavole del libro, nonch\u00e9 creatore della scultura itinerante dello Spirito del Re Albero che, dal 2008, ha iniziato un viaggio sull&#8217;appennino irpino e campano realizzando con i bambini momenti di arte ambientale e sociale per segnalare il fenomeno degli sversamenti abusivi in montagna; prima con le scuole, accogliendo sul sito favole, disegni e foto dei rifiuti, poi con gruppi attivi di cittadini.<\/p>\n<p>Tutti i bimbi possono partecipare liberamente alla Festa del colore dell&#8217;Albero Vagabondo\u00a9 che apre l&#8217;evento alle 17.30, fino ad esaurimento materiale, e\u00a0prosegue parallelamente nella saletta interna, con la preghiera di installare poi \u00a0le tavolette di pioppo colorate in montagna, ai bordi dei fiumi, in citt\u00e0, dovunque i piccoli vogliono che i grandi puliscano. Questo perch\u00e9 i figli insegnino ai padri a preservare il futuro della propria terra.<\/p>\n<p>Alle 18.00 l&#8217;editrice\u00a0<strong>Donatella De Bartolomeis<\/strong> presenter\u00e0\u00a0<strong>&#8220;La rivolta delle pecore. Storie libertarie di animali rivoluzionari&#8221; <\/strong>di Virginiano Spiniello, Edizioni Il Papavero.<\/p>\n<p>Interverr\u00e0 poi il sociologo\u00a0<strong>Antonello Petrillo<\/strong> Coordinatore dell&#8217;URIT (Unit\u00e0 di Ricerca sulle Topografie Sociali) presso l&#8217;universit\u00e0 Suor Orsola Benincasa, autore, tra gli innumerevoli saggi, di &#8220;Biopolitica di un rifiuto&#8221;, nonch\u00e9 prefatore de &#8220;La rivolta delle pecore&#8221;.<\/p>\n<p>Successivamente saranno proiettati e illustrati alcuni brevi filmati e foto sulle tappe del viaggio dell&#8217;Albero Vagabondo e sulle nostre montagne e acque e sorgenti, che tanto soffrono in questo momento.<\/p>\n<p>Il Quaderno &#8220;La rivolta delle pecore&#8221;, scritto da Virginiano e illustrato da Giovanni Spiniello, chiude idealmente il primo ciclo del viaggio dell&#8217;Albero Vagabondo sull&#8217;Appennino Campano.\u00a0E&#8217; una preghiera per la consapevolezza e il cambiamento, perch\u00e9 la rivolta \u00e8 interiore e <em>l\u2019unica rivoluzione \u00e8 il salto, l\u2019evoluzione graduale, la tensione ai piccoli miglioramenti. <\/em><\/p>\n<p>In accordo con le Edizioni Il Papavero, dopo aver diffuso gratuitamente in rete le favole a partire dal 2011, sar\u00e0 sempre possibile continuare a leggere liberamente &#8220;La rivolta delle pecore&#8221;\u00a0<a href=\"http:\/\/www.alberovagabondo.it\/?p=1343\">http:\/\/www.alberovagabondo.it\/?p=1343<\/a> e &#8220;Riflessioni di una pecora nera: la tosatura&#8221;\u00a0<a href=\"http:\/\/www.alberovagabondo.it\/?p=1911\">http:\/\/www.alberovagabondo.it\/?p=1911<\/a> on line.<br \/>\nDiffondete la rivolta! Anche su Facebook:\u00a0<a href=\"https:\/\/www.facebook.com\/rivoltadellepecore\">https:\/\/www.facebook.com\/rivoltadellepecore<\/a><\/p>\n<p>Quaderno edito da\u00a0<a href=\"http:\/\/edizioniilpapavero.com\/\">http:\/\/edizioniilpapavero.com<\/a><\/p>\n<p>Per info sul progetto contattare\u00a0<a href=\"mailto:favole@alberovagabondo.it\">favole@alberovagabondo.it<\/a>.<\/p>\n<p>&nbsp;<\/p>\n<\/div>\n<figure id=\"attachment_2675\" aria-describedby=\"caption-attachment-2675\" style=\"width: 400px\" class=\"wp-caption alignleft\"><a href=\"http:\/\/www.alberovagabondo.it\/wp-content\/uploads\/2014\/12\/Copertina_definitivo.jpg\"><img loading=\"lazy\" class=\"size-full wp-image-2675\" title=\"Copertina \" src=\"http:\/\/www.alberovagabondo.it\/wp-content\/uploads\/2014\/12\/Copertina_definitivo.jpg\" alt=\"\" width=\"400\" height=\"599\" srcset=\"https:\/\/www.alberovagabondo.it\/wp-content\/uploads\/2014\/12\/Copertina_definitivo.jpg 400w, https:\/\/www.alberovagabondo.it\/wp-content\/uploads\/2014\/12\/Copertina_definitivo-200x300.jpg 200w, https:\/\/www.alberovagabondo.it\/wp-content\/uploads\/2014\/12\/Copertina_definitivo-100x150.jpg 100w\" sizes=\"(max-width: 400px) 100vw, 400px\" \/><\/a><figcaption id=\"caption-attachment-2675\" class=\"wp-caption-text\">&#8220;Rivolta delle pecore. Storie libertarie di animali rivoluzionari&#8221;. Virginiano Spiniello, Edizioni Il Papavero<\/figcaption><\/figure>\n","protected":false},"excerpt":{"rendered":"<p>Inizia in un giorno qualunque, uno di quelli che sembrano uguali agli altri, ma in quel giorno qualcosa cambia. Non sappiamo cosa. \u00c9 come un sasso che rotola su un altro sasso. Il sasso sposta un po\u2019 di terra. E un giorno quella terra cadr\u00e0, non frenata pi\u00f9 dalle radici dell\u2019albero che la proteggeva dal &hellip; <a href=\"https:\/\/www.alberovagabondo.it\/?p=2670\" class=\"more-link\">Continua la lettura di <span class=\"screen-reader-text\">La terra \u00e8 stanca, difendiamo le sorgenti! Inizia la rivolta delle pecore, 20 dicembre Avellino<\/span> <span class=\"meta-nav\">&rarr;<\/span><\/a><\/p>\n","protected":false},"author":1,"featured_media":0,"comment_status":"open","ping_status":"open","sticky":false,"template":"","format":"standard","meta":{"ngg_post_thumbnail":0},"categories":[111],"tags":[112],"_links":{"self":[{"href":"https:\/\/www.alberovagabondo.it\/index.php?rest_route=\/wp\/v2\/posts\/2670"}],"collection":[{"href":"https:\/\/www.alberovagabondo.it\/index.php?rest_route=\/wp\/v2\/posts"}],"about":[{"href":"https:\/\/www.alberovagabondo.it\/index.php?rest_route=\/wp\/v2\/types\/post"}],"author":[{"embeddable":true,"href":"https:\/\/www.alberovagabondo.it\/index.php?rest_route=\/wp\/v2\/users\/1"}],"replies":[{"embeddable":true,"href":"https:\/\/www.alberovagabondo.it\/index.php?rest_route=%2Fwp%2Fv2%2Fcomments&post=2670"}],"version-history":[{"count":6,"href":"https:\/\/www.alberovagabondo.it\/index.php?rest_route=\/wp\/v2\/posts\/2670\/revisions"}],"predecessor-version":[{"id":2728,"href":"https:\/\/www.alberovagabondo.it\/index.php?rest_route=\/wp\/v2\/posts\/2670\/revisions\/2728"}],"wp:attachment":[{"href":"https:\/\/www.alberovagabondo.it\/index.php?rest_route=%2Fwp%2Fv2%2Fmedia&parent=2670"}],"wp:term":[{"taxonomy":"category","embeddable":true,"href":"https:\/\/www.alberovagabondo.it\/index.php?rest_route=%2Fwp%2Fv2%2Fcategories&post=2670"},{"taxonomy":"post_tag","embeddable":true,"href":"https:\/\/www.alberovagabondo.it\/index.php?rest_route=%2Fwp%2Fv2%2Ftags&post=2670"}],"curies":[{"name":"wp","href":"https:\/\/api.w.org\/{rel}","templated":true}]}}