{"id":2858,"date":"2015-05-17T17:40:41","date_gmt":"2015-05-17T17:40:41","guid":{"rendered":"http:\/\/www.alberovagabondo.it\/?p=2858"},"modified":"2015-08-03T07:57:21","modified_gmt":"2015-08-03T07:57:21","slug":"la-rivolta-delle-pecore-sara-a-deliceto-fg-il-27-maggio","status":"publish","type":"post","link":"https:\/\/www.alberovagabondo.it\/?p=2858","title":{"rendered":"La rivolta delle pecore sar\u00e0 a Deliceto (FG) il 27 maggio"},"content":{"rendered":"<p><a href=\"http:\/\/www.alberovagabondo.it\/wp-content\/uploads\/2015\/05\/Rivolta_pecore.jpg\"><img loading=\"lazy\" class=\"alignleft size-thumbnail wp-image-2855\" src=\"http:\/\/www.alberovagabondo.it\/wp-content\/uploads\/2015\/05\/Rivolta_pecore-150x150.jpg\" alt=\"locandina spiniello\" width=\"150\" height=\"150\" \/><\/a>Il Centro di Salute Mentale e il Centro Diurno \u201cArcobaleno\u201d di Deliceto insieme all&#8217;Associazione L&#8217;Albero Vagabondo presentano il 27 maggio, presso le strutture de Il Ristorante Ballar\u00f2, \u00a0&#8220;La Rivolta delle Pecore. Storie libertarie di animali rivoluzionari&#8221; libro di Virginiano Spiniello, edito da Il Papavero.<br \/>\nArte, musica, poesia e teatro si alterneranno in una occasione di incontro che vuole essere un momento di riflessione sul cambiamento interiore, la consapevolezza, il dialogo tra libert\u00e0 e regole perch\u00e9 l&#8217;unica rivoluzione possibile, per le pecore, \u00e8 il salto, l&#8217;evoluzione.<!--more continua...--><\/p>\n<p>Durante l&#8217;evento sar\u00e0 realizzata, insieme agli utenti dei Centri Diurni \u201cArcobaleno\u201d di Deliceto e \u201cItaca\u201d di Troia, una performarce artistica curata dal Maestro Giovanni Spiniello (Biennale di Venezia 1968, Quadriennale di Roma 1975, Segnalato Bolaffi da Crispolti nel 1978) illustratore del libro, nonch\u00e9 padre dell&#8217;autore e creatore, insieme al figlio, dell&#8217;iniziativa di arte ed educazione ambientale l&#8217;Albero Vagabondo con la quale, dal 2008, installano sulle discariche in montagna i disegni dei bambini per chiedere ai grandi di pulire.<\/p>\n<p>Tante le associazioni che hanno reso possibile l&#8217;evento di Deliceto. Mentre la lettura e l&#8217;interpretazione teatrale delle favole del libro con gli utenti protagonisti \u00e8 a cura dell&#8217;Associazione Teatrale Delicetana Tanino, sar\u00e0 l\u2019Associazione Alkemia a pensare alla musica e la Cooperativa Pegaso curer\u00e0 la scenografia. Collabora, inoltre, la cooperativa sociale Medtraining, che cura un progetto di ortoterapia con gli utenti, finalizzato all\u2019integrazione e all\u2019inclusione sociale, mentre l&#8217;evento ha il patrocinio morale del Club Unesco di Deliceto.<br \/>\nSponsorizzano l&#8217;evento il Ristorante \u201cBallar\u00f2\u201d con la disponibilit\u00e0 delle strutture e il Bar Centrale con i suoi prodotti artigianali.<\/p>\n<p>Al centro della giornata saranno sempre gli utenti e gli operatori dei centri diurni di Deliceto e Troia che leggeranno e interpreteranno i brani e realizzeranno la performance artistica e saranno soggetti attivi della Rivolta delle pecore: rivoluzione interiore, cambiamento, presa di coscienza attraverso le favole e l&#8217;arte. Sar\u00e0 quindi presentato il libro dall&#8217;autore insieme all&#8217;editore Donatella De Bartolomeis delle Edizioni Il Papavero e, al termine della giornata, dopo la lettura di alcune poesie di Giuseppina Ruberto, l\u2019opera realizzata insieme all&#8217;artista diventer\u00e0 veicolo di cultura, di libert\u00e0, dialogo per promuovere quelle occasioni di incontro, riflessione, esperienza che sono il messaggio racchiuso nelle favole del libro.<\/p>\n<p>Info <a href=\"http:\/\/www.alberovagabondo.it\/\">http:\/\/www.alberovagabondo.it<\/a> Sezione Rivolta delle pecore<br \/>\nFacebook <a href=\"https:\/\/www.facebook.com\/rivoltadellepecore\">https:\/\/www.facebook.com\/rivoltadellepecore<\/a><br \/>\nEmail: <a href=\"mailto:favole@alberovagabondo.it\">favole@alberovagabondo.it<\/a><\/p>\n<p>Foto di Deliceto di Pina Suriano<\/p>\n","protected":false},"excerpt":{"rendered":"<p>Il Centro di Salute Mentale e il Centro Diurno \u201cArcobaleno\u201d di Deliceto insieme all&#8217;Associazione L&#8217;Albero Vagabondo presentano il 27 maggio, presso le strutture de Il Ristorante Ballar\u00f2, \u00a0&#8220;La Rivolta delle Pecore. Storie libertarie di animali rivoluzionari&#8221; libro di Virginiano Spiniello, edito da Il Papavero. Arte, musica, poesia e teatro si alterneranno in una occasione di &hellip; <a href=\"https:\/\/www.alberovagabondo.it\/?p=2858\" class=\"more-link\">Continua la lettura di <span class=\"screen-reader-text\">La rivolta delle pecore sar\u00e0 a Deliceto (FG) il 27 maggio<\/span> <span class=\"meta-nav\">&rarr;<\/span><\/a><\/p>\n","protected":false},"author":1,"featured_media":2857,"comment_status":"open","ping_status":"open","sticky":false,"template":"","format":"standard","meta":{"ngg_post_thumbnail":0},"categories":[111],"tags":[200,199,197,202,198,201,161],"_links":{"self":[{"href":"https:\/\/www.alberovagabondo.it\/index.php?rest_route=\/wp\/v2\/posts\/2858"}],"collection":[{"href":"https:\/\/www.alberovagabondo.it\/index.php?rest_route=\/wp\/v2\/posts"}],"about":[{"href":"https:\/\/www.alberovagabondo.it\/index.php?rest_route=\/wp\/v2\/types\/post"}],"author":[{"embeddable":true,"href":"https:\/\/www.alberovagabondo.it\/index.php?rest_route=\/wp\/v2\/users\/1"}],"replies":[{"embeddable":true,"href":"https:\/\/www.alberovagabondo.it\/index.php?rest_route=%2Fwp%2Fv2%2Fcomments&post=2858"}],"version-history":[{"count":5,"href":"https:\/\/www.alberovagabondo.it\/index.php?rest_route=\/wp\/v2\/posts\/2858\/revisions"}],"predecessor-version":[{"id":2863,"href":"https:\/\/www.alberovagabondo.it\/index.php?rest_route=\/wp\/v2\/posts\/2858\/revisions\/2863"}],"wp:featuredmedia":[{"embeddable":true,"href":"https:\/\/www.alberovagabondo.it\/index.php?rest_route=\/wp\/v2\/media\/2857"}],"wp:attachment":[{"href":"https:\/\/www.alberovagabondo.it\/index.php?rest_route=%2Fwp%2Fv2%2Fmedia&parent=2858"}],"wp:term":[{"taxonomy":"category","embeddable":true,"href":"https:\/\/www.alberovagabondo.it\/index.php?rest_route=%2Fwp%2Fv2%2Fcategories&post=2858"},{"taxonomy":"post_tag","embeddable":true,"href":"https:\/\/www.alberovagabondo.it\/index.php?rest_route=%2Fwp%2Fv2%2Ftags&post=2858"}],"curies":[{"name":"wp","href":"https:\/\/api.w.org\/{rel}","templated":true}]}}