{"id":3612,"date":"2018-02-23T21:18:29","date_gmt":"2018-02-23T21:18:29","guid":{"rendered":"http:\/\/www.alberovagabondo.it\/?p=3612"},"modified":"2018-02-23T21:18:29","modified_gmt":"2018-02-23T21:18:29","slug":"teora-25-febbraio-storie-libertarie-di-animali-rivoluzionari","status":"publish","type":"post","link":"https:\/\/www.alberovagabondo.it\/?p=3612","title":{"rendered":"Teora, 25 Febbraio. Storie libertarie di animali rivoluzionari"},"content":{"rendered":"<div style=\"text-align: justify;\">\n<p><a href=\"http:\/\/www.alberovagabondo.it\/wp-content\/uploads\/2014\/03\/23.jpg\"><img loading=\"lazy\" class=\"alignleft size-medium wp-image-3609\" src=\"http:\/\/www.alberovagabondo.it\/wp-content\/uploads\/2014\/03\/23-212x300.jpg\" alt=\"2\" width=\"212\" height=\"300\" srcset=\"https:\/\/www.alberovagabondo.it\/wp-content\/uploads\/2014\/03\/23-212x300.jpg 212w, https:\/\/www.alberovagabondo.it\/wp-content\/uploads\/2014\/03\/23-724x1024.jpg 724w, https:\/\/www.alberovagabondo.it\/wp-content\/uploads\/2014\/03\/23-600x848.jpg 600w, https:\/\/www.alberovagabondo.it\/wp-content\/uploads\/2014\/03\/23.jpg 1316w\" sizes=\"(max-width: 212px) 100vw, 212px\" \/><\/a>Domenica 25 febbraio alle 18.00, nella Pinacoteca comunale di\u00a0<strong>Teora<\/strong>, arrivano la\u00a0<strong>Rivolta delle pecore<\/strong>\u00a0e la\u00a0<strong>Battaglia dei prosciutti<\/strong>, le\u00a0<strong>Storie libertarie di animali rivoluzionari<\/strong>\u00a0scritte da Virginiano Spiniello per le Edizioni Il Papavero. L&#8217;incontro, moderato dall&#8217;editrice\u00a0<em>Donatella De Bartolomeis<\/em>, ha il Patrocinio del settore cultura del Comune e la partecipazione di radioteora.it e si apre con i saluti di\u00a0<em>Pietro Sibilia<\/em>, consigliere delegato alla cultura e\u00a0<em>Rosa Casciano<\/em>, assessore all&#8217;istruzione. Non sar\u00e0 solo un dialogo con l&#8217;autore, quanto, piuttosto, una performance teatrale, artistica, musicale.<\/p>\n<p><!--more continua...--><\/p>\n<\/div>\n<p>Dopo il racconto per immagini dell&#8217;esperienza ambientale di arte nel sociale dell&#8217;Albero Vagabondo, mentre saranno proiettate le illustrazioni del Maestro Giovanni Spiniello,\u00a0<em>Marisa Barile<\/em>\u00a0interpreter\u00e0 i testi interagendo con le musiche per chitarra e armonica dei\u00a0<em>Barabba Blues.<\/em><\/p>\n<p>Le favole, stampate su palatina avorio e acquerello Fedrigoni e illustrate dal Maestro Giovanni Spiniello &#8211; Biennale di Venezia 1968 e segnalato Bolaffi da Crispolti &#8211; fanno parte della Collana delle Edizioni il Papavero Storie libertarie di animali rivoluzionari \u00a0che si completa con\u00a0<em>Lupus in fabula<\/em>, testi di Fedro musicati dal compositore sannita Vincenzo Parente.<\/p>\n<p>L&#8217;idea delle storie nasce dal viaggio dell&#8217;Albero Vagabondo iniziato nove anni fa con le installazioni artistiche sulle discariche abusive in montagna insieme ai bambini: centinaia di favole, disegni e foto pubblicate su\u00a0<a href=\"http:\/\/www.alberovagabondo.it\/\">www.alberovagabondo.it<\/a>\u00a0per chiedere ai grandi di non sporcare.<\/p>\n<p align=\"center\"><iframe loading=\"lazy\" src=\"https:\/\/www.youtube.com\/embed\/F_bzp1NzKyg?rel=0&amp;autoplay=1\" width=\"560\" height=\"315\" frameborder=\"0\" allowfullscreen=\"allowfullscreen\"><\/iframe><\/p>\n<p>Osservando che, nonostante gli sforzi, i disegni dei bimbi, puntualmente, venivano strappati o ricoperti nuovamente dai rifiuti, considerando quante scuole e comuni non hanno pi\u00f9 ripetuto l&#8217;iniziativa, constatando con amarezza l&#8217;aumento degli sversamenti, \u00e8 nata una storia, La rivolta delle pecore: l&#8217;unica rivolta, l&#8217;unica rivoluzione \u00e8 il salto dal recinto, l&#8217;evoluzione, il cambiamento. Ma si pu\u00f2 parlare di cambiamento e libert\u00e0 senza scadere nella vuota retorica, pu\u00f2 la fantasia diventare consapevolezza e trasformarsi in azione? E cos\u00ec nascono gli animali rivoluzionari di queste storie libertarie: la pecora nera, il capro espiatorio, l&#8217;agnello sacrificale, il lupo che diventa pastore, il falco che dona i suoi occhi a un bambino cieco per vedere il sole, il coniglio che diventa generale e guida gli animali alla rivolta ne La battaglia dei prosciutti.<\/p>\n<p>Come spieg\u00f2 lo schiavo Fedro, le favole sono l&#8217;unico modo che avevano i servi per parlare ai padroni e, mutuando le sue parole, potremmo dire, oggi, che parlando ai grandi con il linguaggio dei bambini c&#8217;\u00e8 una piccola speranza di risvegliarsi, con l&#8217;umorismo, dalla grigia indifferenza e inazione, perch\u00e9 le pecore, una volta, anche se l&#8217;hanno dimenticato, erano libere.<\/p>\n<p><a href=\"http:\/\/www.alberovagabondo.it\/wp-content\/uploads\/2014\/03\/rivolta-pecore-copertina.jpg\"><img loading=\"lazy\" class=\"aligncenter size-large wp-image-3611\" src=\"http:\/\/www.alberovagabondo.it\/wp-content\/uploads\/2014\/03\/rivolta-pecore-copertina-619x1024.jpg\" alt=\"locandina spiniello\" width=\"474\" height=\"784\" srcset=\"https:\/\/www.alberovagabondo.it\/wp-content\/uploads\/2014\/03\/rivolta-pecore-copertina-619x1024.jpg 619w, https:\/\/www.alberovagabondo.it\/wp-content\/uploads\/2014\/03\/rivolta-pecore-copertina-181x300.jpg 181w, https:\/\/www.alberovagabondo.it\/wp-content\/uploads\/2014\/03\/rivolta-pecore-copertina-600x992.jpg 600w\" sizes=\"(max-width: 474px) 100vw, 474px\" \/><\/a><\/p>\n<p><a href=\"http:\/\/www.alberovagabondo.it\/wp-content\/uploads\/2014\/03\/battaglia-prosciutti-copertina-def.jpg\"><img loading=\"lazy\" class=\"aligncenter size-large wp-image-3610\" src=\"http:\/\/www.alberovagabondo.it\/wp-content\/uploads\/2014\/03\/battaglia-prosciutti-copertina-def-726x1024.jpg\" alt=\"battaglia-prosciutti-copertina-def\" width=\"474\" height=\"669\" srcset=\"https:\/\/www.alberovagabondo.it\/wp-content\/uploads\/2014\/03\/battaglia-prosciutti-copertina-def-726x1024.jpg 726w, https:\/\/www.alberovagabondo.it\/wp-content\/uploads\/2014\/03\/battaglia-prosciutti-copertina-def-213x300.jpg 213w, https:\/\/www.alberovagabondo.it\/wp-content\/uploads\/2014\/03\/battaglia-prosciutti-copertina-def-600x847.jpg 600w, https:\/\/www.alberovagabondo.it\/wp-content\/uploads\/2014\/03\/battaglia-prosciutti-copertina-def.jpg 1451w\" sizes=\"(max-width: 474px) 100vw, 474px\" \/><\/a><\/p>\n<div id='gallery-1' class='gallery galleryid-3612 gallery-columns-3 gallery-size-thumbnail'><figure class='gallery-item'>\n\t\t\t<div class='gallery-icon portrait'>\n\t\t\t\t<a href='https:\/\/www.alberovagabondo.it\/?attachment_id=3587'><img width=\"150\" height=\"150\" src=\"https:\/\/www.alberovagabondo.it\/wp-content\/uploads\/2014\/03\/metamorf-150x150.jpg\" class=\"attachment-thumbnail size-thumbnail\" alt=\"\" loading=\"lazy\" \/><\/a>\n\t\t\t<\/div><\/figure><figure class='gallery-item'>\n\t\t\t<div class='gallery-icon landscape'>\n\t\t\t\t<a href='https:\/\/www.alberovagabondo.it\/?attachment_id=3586'><img width=\"150\" height=\"150\" src=\"https:\/\/www.alberovagabondo.it\/wp-content\/uploads\/2014\/03\/festa-del-colore-150x150.jpg\" class=\"attachment-thumbnail size-thumbnail\" alt=\"\" loading=\"lazy\" \/><\/a>\n\t\t\t<\/div><\/figure><figure class='gallery-item'>\n\t\t\t<div class='gallery-icon landscape'>\n\t\t\t\t<a href='https:\/\/www.alberovagabondo.it\/?attachment_id=3584'><img width=\"150\" height=\"150\" src=\"https:\/\/www.alberovagabondo.it\/wp-content\/uploads\/2014\/03\/oasi-vallesaccarda-2-150x150.jpg\" class=\"attachment-thumbnail size-thumbnail\" alt=\"\" loading=\"lazy\" \/><\/a>\n\t\t\t<\/div><\/figure><figure class='gallery-item'>\n\t\t\t<div class='gallery-icon landscape'>\n\t\t\t\t<a href='https:\/\/www.alberovagabondo.it\/?attachment_id=3583'><img width=\"150\" height=\"150\" src=\"https:\/\/www.alberovagabondo.it\/wp-content\/uploads\/2014\/03\/vallesaccarda-150x150.jpg\" class=\"attachment-thumbnail size-thumbnail\" alt=\"\" loading=\"lazy\" \/><\/a>\n\t\t\t<\/div><\/figure><figure class='gallery-item'>\n\t\t\t<div class='gallery-icon landscape'>\n\t\t\t\t<a href='https:\/\/www.alberovagabondo.it\/?attachment_id=3449'><img width=\"150\" height=\"150\" src=\"https:\/\/www.alberovagabondo.it\/wp-content\/uploads\/2015\/12\/1-150x150.jpeg\" class=\"attachment-thumbnail size-thumbnail\" alt=\"\" loading=\"lazy\" \/><\/a>\n\t\t\t<\/div><\/figure><figure class='gallery-item'>\n\t\t\t<div class='gallery-icon landscape'>\n\t\t\t\t<a href='https:\/\/www.alberovagabondo.it\/?attachment_id=3451'><img width=\"150\" height=\"150\" src=\"https:\/\/www.alberovagabondo.it\/wp-content\/uploads\/2015\/12\/10-150x150.jpeg\" class=\"attachment-thumbnail size-thumbnail\" alt=\"\" loading=\"lazy\" \/><\/a>\n\t\t\t<\/div><\/figure><figure class='gallery-item'>\n\t\t\t<div class='gallery-icon landscape'>\n\t\t\t\t<a href='https:\/\/www.alberovagabondo.it\/?attachment_id=3080'><img width=\"150\" height=\"150\" src=\"https:\/\/www.alberovagabondo.it\/wp-content\/uploads\/2015\/06\/1-150x150.jpg\" class=\"attachment-thumbnail size-thumbnail\" alt=\"\" loading=\"lazy\" \/><\/a>\n\t\t\t<\/div><\/figure><figure class='gallery-item'>\n\t\t\t<div class='gallery-icon landscape'>\n\t\t\t\t<a href='https:\/\/www.alberovagabondo.it\/?attachment_id=2192'><img width=\"150\" height=\"150\" src=\"https:\/\/www.alberovagabondo.it\/wp-content\/uploads\/2013\/06\/06-09-2013_121708-150x150.jpg\" class=\"attachment-thumbnail size-thumbnail\" alt=\"\" loading=\"lazy\" \/><\/a>\n\t\t\t<\/div><\/figure><figure class='gallery-item'>\n\t\t\t<div class='gallery-icon landscape'>\n\t\t\t\t<a href='https:\/\/www.alberovagabondo.it\/?attachment_id=2196'><img width=\"150\" height=\"150\" src=\"https:\/\/www.alberovagabondo.it\/wp-content\/uploads\/2013\/06\/12-150x150.jpg\" class=\"attachment-thumbnail size-thumbnail\" alt=\"\" loading=\"lazy\" \/><\/a>\n\t\t\t<\/div><\/figure><figure class='gallery-item'>\n\t\t\t<div class='gallery-icon portrait'>\n\t\t\t\t<a href='https:\/\/www.alberovagabondo.it\/?attachment_id=2172'><img width=\"150\" height=\"150\" src=\"https:\/\/www.alberovagabondo.it\/wp-content\/uploads\/2013\/06\/albero-disegnato-150x150.jpg\" class=\"attachment-thumbnail size-thumbnail\" alt=\"\" loading=\"lazy\" \/><\/a>\n\t\t\t<\/div><\/figure><figure class='gallery-item'>\n\t\t\t<div class='gallery-icon landscape'>\n\t\t\t\t<a href='https:\/\/www.alberovagabondo.it\/?attachment_id=2197'><img width=\"150\" height=\"150\" src=\"https:\/\/www.alberovagabondo.it\/wp-content\/uploads\/2013\/06\/4-150x150.jpg\" class=\"attachment-thumbnail size-thumbnail\" alt=\"\" loading=\"lazy\" \/><\/a>\n\t\t\t<\/div><\/figure><figure class='gallery-item'>\n\t\t\t<div class='gallery-icon landscape'>\n\t\t\t\t<a href='https:\/\/www.alberovagabondo.it\/?attachment_id=2073'><img width=\"150\" height=\"150\" src=\"https:\/\/www.alberovagabondo.it\/wp-content\/uploads\/2013\/04\/2-150x150.jpg\" class=\"attachment-thumbnail size-thumbnail\" alt=\"\" loading=\"lazy\" \/><\/a>\n\t\t\t<\/div><\/figure><figure class='gallery-item'>\n\t\t\t<div class='gallery-icon landscape'>\n\t\t\t\t<a href='https:\/\/www.alberovagabondo.it\/?attachment_id=2049'><img width=\"150\" height=\"150\" src=\"https:\/\/www.alberovagabondo.it\/wp-content\/uploads\/2013\/04\/IMGP5119-150x150.jpg\" class=\"attachment-thumbnail size-thumbnail\" alt=\"\" loading=\"lazy\" \/><\/a>\n\t\t\t<\/div><\/figure><figure class='gallery-item'>\n\t\t\t<div class='gallery-icon landscape'>\n\t\t\t\t<a href='https:\/\/www.alberovagabondo.it\/?attachment_id=2013'><img width=\"150\" height=\"150\" src=\"https:\/\/www.alberovagabondo.it\/wp-content\/uploads\/2011\/06\/Installazione-150x150.jpg\" class=\"attachment-thumbnail size-thumbnail\" alt=\"\" loading=\"lazy\" \/><\/a>\n\t\t\t<\/div><\/figure>\n\t\t<\/div>\n\n<p>Il viaggio dell\u2019Albero Vagabondo \u00e8 iniziato nel Centro Storico di Avellino nel Natale 2008 ed \u00e8 continuato, nel 2009, con le Feste del Colore a S. Stefano del Sole nel Parco Regionale dei Monti Picentini (6 giugno) a Cairano in occasione del Festival Cairano7x (22-28 giugno), al Giffoni Film Festival (13-19 luglio). Si \u00e8 poi trasformato nell\u2019Albero Metamorfo a S. Stefano del Sole il 3\/10\/2009 ed \u00e8 andato a Difesa Grande il 5\/03\/2010 ad Ariano Irpino, il 28\/05\/2010 a Forino\u00a0 e il 10\/06\/2010 \u00e8 ritornato a S. Stefano del Sole dove si \u00e8 trasformato nuovamente nell&#8217;Albero Metamorfo il 18\/10\/2010. L&#8217;1\/06\/2011 con le scuole elementari di Volturara e Santo Stefano del Sole a Monte Faggeto e il 25\/06\/2011 al Castello di Canale di Serino, dopo essersi trasformato l&#8217;ultima volta nel Metamorfo l&#8217;1\/10\/2011 ha fatto la sua apparizione a Montella, nel Convento di San Francesco a Folloni il 10\/06\/2012, in occasione di Anthos Neos. Il 7\/04\/2013 a Montemiletto, il 25\/05\/2013 \u00e8 sempre a Santo Stefano del Sole. Il 9\/06\/2013 \u00e8 sul Vesuvio, insieme a Let\u2019s do it Italy, il 18\/12\/2013 \u00e8 a Summonte nel Parco Regionale del Partenio, il 12\/01\/2014 \u00e8 a Taurasi con il Comitato Fiume Calore e il 21\/06\/2014 di nuovo a Cairano. Il 20\/12\/2014 \u00e8 ad Avellino, per la presentazione de La Rivolta de le pecore al Circolo della Stampa. A Montemarano, per Tarantella For Africa, il 7\/08\/2015 ad Avellino, l&#8217;8\/10\/2015 alla Casina del principe, a gennaio 2016 con i bimbi di Montemarano, il 9\/8\/2017 a Vallesaccarda con il Centro di Educazione Ambientale.<\/p>\n","protected":false},"excerpt":{"rendered":"<p>Domenica 25 febbraio alle 18.00, nella Pinacoteca comunale di\u00a0Teora, arrivano la\u00a0Rivolta delle pecore\u00a0e la\u00a0Battaglia dei prosciutti, le\u00a0Storie libertarie di animali rivoluzionari\u00a0scritte da Virginiano Spiniello per le Edizioni Il Papavero. L&#8217;incontro, moderato dall&#8217;editrice\u00a0Donatella De Bartolomeis, ha il Patrocinio del settore cultura del Comune e la partecipazione di radioteora.it e si apre con i saluti di\u00a0Pietro Sibilia, &hellip; <a href=\"https:\/\/www.alberovagabondo.it\/?p=3612\" class=\"more-link\">Continua la lettura di <span class=\"screen-reader-text\">Teora, 25 Febbraio. Storie libertarie di animali rivoluzionari<\/span> <span class=\"meta-nav\">&rarr;<\/span><\/a><\/p>\n","protected":false},"author":1,"featured_media":0,"comment_status":"open","ping_status":"open","sticky":false,"template":"","format":"standard","meta":{"ngg_post_thumbnail":0},"categories":[111],"tags":[139,112,230,229],"_links":{"self":[{"href":"https:\/\/www.alberovagabondo.it\/index.php?rest_route=\/wp\/v2\/posts\/3612"}],"collection":[{"href":"https:\/\/www.alberovagabondo.it\/index.php?rest_route=\/wp\/v2\/posts"}],"about":[{"href":"https:\/\/www.alberovagabondo.it\/index.php?rest_route=\/wp\/v2\/types\/post"}],"author":[{"embeddable":true,"href":"https:\/\/www.alberovagabondo.it\/index.php?rest_route=\/wp\/v2\/users\/1"}],"replies":[{"embeddable":true,"href":"https:\/\/www.alberovagabondo.it\/index.php?rest_route=%2Fwp%2Fv2%2Fcomments&post=3612"}],"version-history":[{"count":1,"href":"https:\/\/www.alberovagabondo.it\/index.php?rest_route=\/wp\/v2\/posts\/3612\/revisions"}],"predecessor-version":[{"id":3613,"href":"https:\/\/www.alberovagabondo.it\/index.php?rest_route=\/wp\/v2\/posts\/3612\/revisions\/3613"}],"wp:attachment":[{"href":"https:\/\/www.alberovagabondo.it\/index.php?rest_route=%2Fwp%2Fv2%2Fmedia&parent=3612"}],"wp:term":[{"taxonomy":"category","embeddable":true,"href":"https:\/\/www.alberovagabondo.it\/index.php?rest_route=%2Fwp%2Fv2%2Fcategories&post=3612"},{"taxonomy":"post_tag","embeddable":true,"href":"https:\/\/www.alberovagabondo.it\/index.php?rest_route=%2Fwp%2Fv2%2Ftags&post=3612"}],"curies":[{"name":"wp","href":"https:\/\/api.w.org\/{rel}","templated":true}]}}