{"id":376,"date":"2010-06-10T18:19:53","date_gmt":"2010-06-10T18:19:53","guid":{"rendered":"http:\/\/lnx.alberovagabondo.it\/?p=376"},"modified":"2011-05-09T23:03:09","modified_gmt":"2011-05-09T23:03:09","slug":"santo-stefano-del-sole-10-giugno-2010","status":"publish","type":"post","link":"https:\/\/www.alberovagabondo.it\/?p=376","title":{"rendered":"Santo Stefano del Sole 10 giugno 2010"},"content":{"rendered":"<div style=\"text-align: justify;\"><img loading=\"lazy\" class=\"alignleft size-thumbnail wp-image-379\" title=\"1\" src=\"http:\/\/lnx.alberovagabondo.it\/wp-content\/uploads\/2011\/04\/1-150x150.jpg\" alt=\"\" width=\"150\" height=\"150\" \/>E\u2019 un\u2019occasione particolare la tappa del 10 giugno a S. Stefano del Sole, nel Parco dei Monti Picentini. L\u2019Albero Vagabondo salir\u00e0 alle 10.00 sulla Collina dell\u2019Angelo e incontrer\u00e0 di nuovo i bambini delle Scuole elementari e medie, a un anno esatto dalla prima Festa del Colore dell\u2019Albero Vagabondo. I rifiuti vengono ancora abbandonati dai grandi in montagna e lo Spirito dell\u2019Albero \u00e8 sempre pi\u00f9 triste;<!--more continua\u2026-->urla di rabbia insieme agli alberi di tutte le montagne che in Irpinia, e dovunque, soffrono nel vedere ai piedi delle proprie radici crescere discariche al posto dei funghi d\u2019autunno e delle fragole d\u2019estate.<br \/>\nL\u2019evento\/intervento, ideato, organizzato e realizzato dall\u2019Associazione culturale Giovanni Spiniello, \u00e8 un modo per porre l\u2019attenzione sul problema dello sversamento incontrollato dei rifiuti nei boschi irpini e campani attraverso il coinvolgimento dei bambini, dei genitori, delle associazioni e delle istituzioni. L\u2019Albero Vagabondo \u00e8 una scultura dell\u2019artista Giovanni Spiniello, una metamorfoggettografia alta oltre quattro metri, composta dai rifiuti abbandonati ai piedi degli alberi, da materiale \u201ccontaminante\u201d (poliuterano espanso), verderame, pezzi di albero, ramaglie di ulivo, foglie, spighe.<br \/>\nRappresenta un grido di protesta, un atto di denuncia e prende le mosse dalla favola dello Spirito del Re Albero. L\u2019evento\/intervento prevede una fase di partecipazione e concertazione, la creazione della mappa dei rifiuti ad opera delle scuole (i bambini vanno in montagna a fare le foto dei rifiuti nelle aree demaniali), l\u2019arrivo dell\u2019Albero Vagabondo che invita i bambini a disegnare la montagna cos\u00ec come la vorrebbero e, alla fine, l\u2019installazione dei disegni in montagna sui rifiuti. Un problema, quello dei rifiuti in montagna, che ha tante cause: la mancanza di senso civico dei cittadini; l\u2019inadeguatezza e l\u2019inottemperanza dei centri di raccolta materiali in buona parte della Campania; le difficolt\u00e0 nel conferimento dei rifiuti speciali (come i copertoni e secchi di vernici); le lacune della normativa nazionale in materia di sversamento dei rifiuti. A S. Stefano del Sole l\u2019iniziativa ha il supporto dell\u2019Assessorato all\u2019Ambiente guidato da Luigi Iallonardo che, nei mesi estivi, realizzer\u00e0 una grande giornata ecologica insieme a tutte le associazioni che vorranno partecipare.<br \/>\nL\u2019Albero Vagabondo \u00e8 ormai in viaggio da un po\u2019: i tetti del centro storico di Avellino (25\/12\/2008), la prima festa a S. Stefano del Sole (6\/06\/09), l\u2019arrivo a Cairano 7x per manifestare contro la Discarica sul Formicoso (22\/06\/09), l\u2019incontro con la giuria dei piccoli di Giffoni Film Festival (13\/07\/09), il Metamorfo a S. Stefano del Sole (3\/10\/09), l\u2019installazione sulla discarica di Difesa Grande ad Ariano Irpino (05\/03\/10), la Festa del Colore a Piano Salto, Forino (28\/05\/2010). Il 10 giugno torner\u00e0 ancora a Santo Stefano del Sole e, se nessuno lo chiamer\u00e0, riposer\u00e0 aspettando settembre, all\u2019inizio del nuovo anno scolastico, per tornare sulla montagna trasformato nell\u2019Albero Metamorfo.<br \/>\nLa provocazione e l\u2019urlo di protesta dell\u2019Albero Vagabondo, se i cittadini puliranno, si trasformer\u00e0 nel messaggio di speranza dell\u2019Albero Metamorfo. Un essere primitivo che si guarda intorno e si costruisce da solo con gli elementi della natura: rami di pino e di ulivo per capelli,  vimini, nidi di rondine abbandonati per cappello, radici di edera sradicate dalla neve sono il suo corpo, tavole di castagno il busto, frutti di passiflora gli tengono compagnia e pigmenti naturali a colorargli occhi, naso e bocca. Insieme ai bambini si riprender\u00e0 le tavolette disegnate dove i grandi avranno pulito e le lascer\u00e0 se ci saranno ancora altri posti sporchi e inquinati. E all\u2019arrivo dell\u2019autunno i due alberi riposeranno insieme, aspettando ancora nuove tappe perch\u00e9, purtroppo, se i bambini sanno cos\u00ec bene disegnare, i grandi, d\u2019altro canto, hanno imparato solo come si fa a sporcare.<!-- index.php -->\n<div\n\tclass=\"ngg-galleryoverview ngg-ajax-pagination-none\"\n\tid=\"ngg-gallery-f69430bb2ad83f989733e9e1a40deec3-1\">\n\n    \t<div class=\"slideshowlink\">\n        <a href='https:\/\/www.alberovagabondo.it\/index.php\/nggallery\/slideshow?p=376'>[Show as slideshow]<\/a>\n\t\t\n\t<\/div>\n\t\t\t<!-- Thumbnails -->\n\t\t\t\t<div id=\"ngg-image-0\" class=\"ngg-gallery-thumbnail-box\" >\n\t\t\t\t        <div class=\"ngg-gallery-thumbnail\">\n            <a href=\"https:\/\/www.alberovagabondo.it\/wp-content\/gallery\/santo-stefano-2-f\/1.jpg\"\n               title=\"\"\n               data-src=\"https:\/\/www.alberovagabondo.it\/wp-content\/gallery\/santo-stefano-2-f\/1.jpg\"\n               data-thumbnail=\"https:\/\/www.alberovagabondo.it\/wp-content\/gallery\/santo-stefano-2-f\/thumbs\/thumbs_1.jpg\"\n               data-image-id=\"149\"\n               data-title=\"1\"\n               data-description=\"\"\n               data-image-slug=\"1-55\"\n               class=\"shutterset_f69430bb2ad83f989733e9e1a40deec3\">\n                <img\n                    title=\"1\"\n                    alt=\"1\"\n                    src=\"https:\/\/www.alberovagabondo.it\/wp-content\/gallery\/santo-stefano-2-f\/thumbs\/thumbs_1.jpg\"\n                    width=\"100\"\n                    height=\"75\"\n                    style=\"max-width:100%;\"\n                \/>\n            <\/a>\n        <\/div>\n\t\t\t\t\t\t\t<\/div> \n\t\t\t\n        \n\t\t\t\t<div id=\"ngg-image-1\" class=\"ngg-gallery-thumbnail-box\" >\n\t\t\t\t        <div class=\"ngg-gallery-thumbnail\">\n            <a href=\"https:\/\/www.alberovagabondo.it\/wp-content\/gallery\/santo-stefano-2-f\/10.jpg\"\n               title=\"\"\n               data-src=\"https:\/\/www.alberovagabondo.it\/wp-content\/gallery\/santo-stefano-2-f\/10.jpg\"\n               data-thumbnail=\"https:\/\/www.alberovagabondo.it\/wp-content\/gallery\/santo-stefano-2-f\/thumbs\/thumbs_10.jpg\"\n               data-image-id=\"150\"\n               data-title=\"10\"\n               data-description=\"\"\n               data-image-slug=\"10-35\"\n               class=\"shutterset_f69430bb2ad83f989733e9e1a40deec3\">\n                <img\n                    title=\"10\"\n                    alt=\"10\"\n                    src=\"https:\/\/www.alberovagabondo.it\/wp-content\/gallery\/santo-stefano-2-f\/thumbs\/thumbs_10.jpg\"\n                    width=\"100\"\n                    height=\"75\"\n                    style=\"max-width:100%;\"\n                \/>\n            <\/a>\n        <\/div>\n\t\t\t\t\t\t\t<\/div> \n\t\t\t\n        \n\t\t\t\t<div id=\"ngg-image-2\" class=\"ngg-gallery-thumbnail-box\" >\n\t\t\t\t        <div class=\"ngg-gallery-thumbnail\">\n            <a href=\"https:\/\/www.alberovagabondo.it\/wp-content\/gallery\/santo-stefano-2-f\/11.jpg\"\n               title=\"\"\n               data-src=\"https:\/\/www.alberovagabondo.it\/wp-content\/gallery\/santo-stefano-2-f\/11.jpg\"\n               data-thumbnail=\"https:\/\/www.alberovagabondo.it\/wp-content\/gallery\/santo-stefano-2-f\/thumbs\/thumbs_11.jpg\"\n               data-image-id=\"151\"\n               data-title=\"11\"\n               data-description=\"\"\n               data-image-slug=\"11-31\"\n               class=\"shutterset_f69430bb2ad83f989733e9e1a40deec3\">\n                <img\n                    title=\"11\"\n                    alt=\"11\"\n                    src=\"https:\/\/www.alberovagabondo.it\/wp-content\/gallery\/santo-stefano-2-f\/thumbs\/thumbs_11.jpg\"\n                    width=\"100\"\n                    height=\"75\"\n                    style=\"max-width:100%;\"\n                \/>\n            <\/a>\n        <\/div>\n\t\t\t\t\t\t\t<\/div> \n\t\t\t\n        \n\t\t\t\t<div id=\"ngg-image-3\" class=\"ngg-gallery-thumbnail-box\" >\n\t\t\t\t        <div class=\"ngg-gallery-thumbnail\">\n            <a href=\"https:\/\/www.alberovagabondo.it\/wp-content\/gallery\/santo-stefano-2-f\/2.jpg\"\n               title=\"\"\n               data-src=\"https:\/\/www.alberovagabondo.it\/wp-content\/gallery\/santo-stefano-2-f\/2.jpg\"\n               data-thumbnail=\"https:\/\/www.alberovagabondo.it\/wp-content\/gallery\/santo-stefano-2-f\/thumbs\/thumbs_2.jpg\"\n               data-image-id=\"153\"\n               data-title=\"2\"\n               data-description=\"\"\n               data-image-slug=\"2-54\"\n               class=\"shutterset_f69430bb2ad83f989733e9e1a40deec3\">\n                <img\n                    title=\"2\"\n                    alt=\"2\"\n                    src=\"https:\/\/www.alberovagabondo.it\/wp-content\/gallery\/santo-stefano-2-f\/thumbs\/thumbs_2.jpg\"\n                    width=\"100\"\n                    height=\"75\"\n                    style=\"max-width:100%;\"\n                \/>\n            <\/a>\n        <\/div>\n\t\t\t\t\t\t\t<\/div> \n\t\t\t\n        \n\t\t\t\t<div id=\"ngg-image-4\" class=\"ngg-gallery-thumbnail-box\" >\n\t\t\t\t        <div class=\"ngg-gallery-thumbnail\">\n            <a href=\"https:\/\/www.alberovagabondo.it\/wp-content\/gallery\/santo-stefano-2-f\/5.jpg\"\n               title=\"\"\n               data-src=\"https:\/\/www.alberovagabondo.it\/wp-content\/gallery\/santo-stefano-2-f\/5.jpg\"\n               data-thumbnail=\"https:\/\/www.alberovagabondo.it\/wp-content\/gallery\/santo-stefano-2-f\/thumbs\/thumbs_5.jpg\"\n               data-image-id=\"155\"\n               data-title=\"5\"\n               data-description=\"\"\n               data-image-slug=\"5-51\"\n               class=\"shutterset_f69430bb2ad83f989733e9e1a40deec3\">\n                <img\n                    title=\"5\"\n                    alt=\"5\"\n                    src=\"https:\/\/www.alberovagabondo.it\/wp-content\/gallery\/santo-stefano-2-f\/thumbs\/thumbs_5.jpg\"\n                    width=\"100\"\n                    height=\"75\"\n                    style=\"max-width:100%;\"\n                \/>\n            <\/a>\n        <\/div>\n\t\t\t\t\t\t\t<\/div> \n\t\t\t\n        \n\t\t\t\t<div id=\"ngg-image-5\" class=\"ngg-gallery-thumbnail-box\" >\n\t\t\t\t        <div class=\"ngg-gallery-thumbnail\">\n            <a href=\"https:\/\/www.alberovagabondo.it\/wp-content\/gallery\/santo-stefano-2-f\/7.jpg\"\n               title=\"\"\n               data-src=\"https:\/\/www.alberovagabondo.it\/wp-content\/gallery\/santo-stefano-2-f\/7.jpg\"\n               data-thumbnail=\"https:\/\/www.alberovagabondo.it\/wp-content\/gallery\/santo-stefano-2-f\/thumbs\/thumbs_7.jpg\"\n               data-image-id=\"157\"\n               data-title=\"7\"\n               data-description=\"\"\n               data-image-slug=\"7-43\"\n               class=\"shutterset_f69430bb2ad83f989733e9e1a40deec3\">\n                <img\n                    title=\"7\"\n                    alt=\"7\"\n                    src=\"https:\/\/www.alberovagabondo.it\/wp-content\/gallery\/santo-stefano-2-f\/thumbs\/thumbs_7.jpg\"\n                    width=\"100\"\n                    height=\"75\"\n                    style=\"max-width:100%;\"\n                \/>\n            <\/a>\n        <\/div>\n\t\t\t\t\t\t\t<\/div> \n\t\t\t\n        \n\t\t\t\t<div id=\"ngg-image-6\" class=\"ngg-gallery-thumbnail-box\" >\n\t\t\t\t        <div class=\"ngg-gallery-thumbnail\">\n            <a href=\"https:\/\/www.alberovagabondo.it\/wp-content\/gallery\/santo-stefano-2-f\/8.jpg\"\n               title=\"\"\n               data-src=\"https:\/\/www.alberovagabondo.it\/wp-content\/gallery\/santo-stefano-2-f\/8.jpg\"\n               data-thumbnail=\"https:\/\/www.alberovagabondo.it\/wp-content\/gallery\/santo-stefano-2-f\/thumbs\/thumbs_8.jpg\"\n               data-image-id=\"158\"\n               data-title=\"8\"\n               data-description=\"\"\n               data-image-slug=\"8-39\"\n               class=\"shutterset_f69430bb2ad83f989733e9e1a40deec3\">\n                <img\n                    title=\"8\"\n                    alt=\"8\"\n                    src=\"https:\/\/www.alberovagabondo.it\/wp-content\/gallery\/santo-stefano-2-f\/thumbs\/thumbs_8.jpg\"\n                    width=\"100\"\n                    height=\"75\"\n                    style=\"max-width:100%;\"\n                \/>\n            <\/a>\n        <\/div>\n\t\t\t\t\t\t\t<\/div> \n\t\t\t\n        \n\t\t\t\t<div id=\"ngg-image-7\" class=\"ngg-gallery-thumbnail-box\" >\n\t\t\t\t        <div class=\"ngg-gallery-thumbnail\">\n            <a href=\"https:\/\/www.alberovagabondo.it\/wp-content\/gallery\/santo-stefano-2-f\/9.jpg\"\n               title=\"\"\n               data-src=\"https:\/\/www.alberovagabondo.it\/wp-content\/gallery\/santo-stefano-2-f\/9.jpg\"\n               data-thumbnail=\"https:\/\/www.alberovagabondo.it\/wp-content\/gallery\/santo-stefano-2-f\/thumbs\/thumbs_9.jpg\"\n               data-image-id=\"159\"\n               data-title=\"9\"\n               data-description=\"\"\n               data-image-slug=\"9-33\"\n               class=\"shutterset_f69430bb2ad83f989733e9e1a40deec3\">\n                <img\n                    title=\"9\"\n                    alt=\"9\"\n                    src=\"https:\/\/www.alberovagabondo.it\/wp-content\/gallery\/santo-stefano-2-f\/thumbs\/thumbs_9.jpg\"\n                    width=\"100\"\n                    height=\"75\"\n                    style=\"max-width:100%;\"\n                \/>\n            <\/a>\n        <\/div>\n\t\t\t\t\t\t\t<\/div> \n\t\t\t\n        \n\t\t\n\t\t<!-- Pagination -->\n\t<div class='ngg-clear'><\/div>\t<\/div>\n<\/div>\n","protected":false},"excerpt":{"rendered":"<p>E\u2019 un\u2019occasione particolare la tappa del 10 giugno a S. Stefano del Sole, nel Parco dei Monti Picentini. L\u2019Albero Vagabondo salir\u00e0 alle 10.00 sulla Collina dell\u2019Angelo e incontrer\u00e0 di nuovo i bambini delle Scuole elementari e medie, a un anno esatto dalla prima Festa del Colore dell\u2019Albero Vagabondo. I rifiuti vengono ancora abbandonati dai grandi &hellip; <a href=\"https:\/\/www.alberovagabondo.it\/?p=376\" class=\"more-link\">Continua la lettura di <span class=\"screen-reader-text\">Santo Stefano del Sole 10 giugno 2010<\/span> <span class=\"meta-nav\">&rarr;<\/span><\/a><\/p>\n","protected":false},"author":1,"featured_media":0,"comment_status":"open","ping_status":"open","sticky":false,"template":"","format":"standard","meta":{"ngg_post_thumbnail":0},"categories":[7],"tags":[36,31,32],"_links":{"self":[{"href":"https:\/\/www.alberovagabondo.it\/index.php?rest_route=\/wp\/v2\/posts\/376"}],"collection":[{"href":"https:\/\/www.alberovagabondo.it\/index.php?rest_route=\/wp\/v2\/posts"}],"about":[{"href":"https:\/\/www.alberovagabondo.it\/index.php?rest_route=\/wp\/v2\/types\/post"}],"author":[{"embeddable":true,"href":"https:\/\/www.alberovagabondo.it\/index.php?rest_route=\/wp\/v2\/users\/1"}],"replies":[{"embeddable":true,"href":"https:\/\/www.alberovagabondo.it\/index.php?rest_route=%2Fwp%2Fv2%2Fcomments&post=376"}],"version-history":[{"count":7,"href":"https:\/\/www.alberovagabondo.it\/index.php?rest_route=\/wp\/v2\/posts\/376\/revisions"}],"predecessor-version":[{"id":581,"href":"https:\/\/www.alberovagabondo.it\/index.php?rest_route=\/wp\/v2\/posts\/376\/revisions\/581"}],"wp:attachment":[{"href":"https:\/\/www.alberovagabondo.it\/index.php?rest_route=%2Fwp%2Fv2%2Fmedia&parent=376"}],"wp:term":[{"taxonomy":"category","embeddable":true,"href":"https:\/\/www.alberovagabondo.it\/index.php?rest_route=%2Fwp%2Fv2%2Fcategories&post=376"},{"taxonomy":"post_tag","embeddable":true,"href":"https:\/\/www.alberovagabondo.it\/index.php?rest_route=%2Fwp%2Fv2%2Ftags&post=376"}],"curies":[{"name":"wp","href":"https:\/\/api.w.org\/{rel}","templated":true}]}}