{"id":605,"date":"2010-03-25T10:54:14","date_gmt":"2010-03-25T10:54:14","guid":{"rendered":"http:\/\/lnx.alberovagabondo.it\/?p=605"},"modified":"2012-01-18T21:03:16","modified_gmt":"2012-01-18T21:03:16","slug":"orto-biologico-14","status":"publish","type":"post","link":"https:\/\/www.alberovagabondo.it\/?p=605","title":{"rendered":"S.Angelo dei Lombardi &#8211; Pulizia 1\/4"},"content":{"rendered":"<div style=\"text-align: justify;\"><img loading=\"lazy\" class=\"alignleft size-thumbnail wp-image-611\" title=\"6\" src=\"http:\/\/lnx.alberovagabondo.it\/wp-content\/uploads\/2011\/05\/6-150x150.jpg\" alt=\"\" width=\"150\" height=\"150\" \/>Presso l&#8217;IISS De Sanctis di Sant&#8217;Angelo de Lombardi (AV), tra la primavera e l&#8217;estate 2010, \u00e8 stato realizzato il primo esperimento di orto biologico dell&#8217;Albero Vagabondo. Il nostro \u00e8 un orto che nasce con il preciso intento di educare i ragazzi al rispetto della terra. Per questo motivo, ancora pi\u00f9 dell&#8217;orto, \u00e8 importante la fase di pulitura dello spazio che \u00e8 stato destinato alla iniziativa. <!--more continua...--> L&#8217;iniziativa \u00e8 stata resa possibile dall&#8217;Assessorato all&#8217;Agricoltura del Comune di Sant&#8217;Angelo dei Lombardi. La metodologia prevede la creazione di due gruppi di lavoro formati dagli studenti con il supporto degli insegnanti.<br \/>\nIl gruppo organizzazione&amp;comunicazione si \u00e8 occupato della pianificazione, organizzazione e comunicazione (Responsabile Davide Martone, ideatore del naming dell&#8217;evento); il gruppo orticoltori&amp;ecologisti, invece, delle giornate ecologiche e della preparazione e cura dell&#8217;orto (Responsabile Raffaele De Santo).<br \/>\n&#8220;AAA Agricoltura biologica, ambiente, abilit\u00e0 diverse&#8221; \u00e8 iniziato con la giornata ecologica che ha avuto luogo il 30 marzo 2010 con i ragazzi direttamente impegnati a ripulire il pezzo di terra concesso dall&#8217;IISSS De Sanctis, nelle sue immediate adiacenze. La terra era abbandonata e trascurata, ma con l&#8217;impegno dei ragazzi, supportati dall&#8217;Istituzione scolastica \u00e8 stata ripulita.<!-- index.php -->\n<div\n\tclass=\"ngg-galleryoverview ngg-ajax-pagination-none\"\n\tid=\"ngg-gallery-cdce4e6d3191ad46557f81fa59453dab-1\">\n\n    \t<div class=\"slideshowlink\">\n        <a href='https:\/\/www.alberovagabondo.it\/index.php\/nggallery\/slideshow?p=605'>[Show as slideshow]<\/a>\n\t\t\n\t<\/div>\n\t\t\t<!-- Thumbnails -->\n\t\t\t\t<div id=\"ngg-image-0\" class=\"ngg-gallery-thumbnail-box\" >\n\t\t\t\t        <div class=\"ngg-gallery-thumbnail\">\n            <a href=\"https:\/\/www.alberovagabondo.it\/wp-content\/gallery\/orto-prima\/1.jpg\"\n               title=\"\"\n               data-src=\"https:\/\/www.alberovagabondo.it\/wp-content\/gallery\/orto-prima\/1.jpg\"\n               data-thumbnail=\"https:\/\/www.alberovagabondo.it\/wp-content\/gallery\/orto-prima\/thumbs\/thumbs_1.jpg\"\n               data-image-id=\"419\"\n               data-title=\"1\"\n               data-description=\"\"\n               data-image-slug=\"1-16\"\n               class=\"shutterset_cdce4e6d3191ad46557f81fa59453dab\">\n                <img\n                    title=\"1\"\n                    alt=\"1\"\n                    src=\"https:\/\/www.alberovagabondo.it\/wp-content\/gallery\/orto-prima\/thumbs\/thumbs_1.jpg\"\n                    width=\"100\"\n                    height=\"75\"\n                    style=\"max-width:100%;\"\n                \/>\n            <\/a>\n        <\/div>\n\t\t\t\t\t\t\t<\/div> \n\t\t\t\n        \n\t\t\t\t<div id=\"ngg-image-1\" class=\"ngg-gallery-thumbnail-box\" >\n\t\t\t\t        <div class=\"ngg-gallery-thumbnail\">\n            <a href=\"https:\/\/www.alberovagabondo.it\/wp-content\/gallery\/orto-prima\/1_0.jpg\"\n               title=\"\"\n               data-src=\"https:\/\/www.alberovagabondo.it\/wp-content\/gallery\/orto-prima\/1_0.jpg\"\n               data-thumbnail=\"https:\/\/www.alberovagabondo.it\/wp-content\/gallery\/orto-prima\/thumbs\/thumbs_1_0.jpg\"\n               data-image-id=\"420\"\n               data-title=\"1_0\"\n               data-description=\"\"\n               data-image-slug=\"1_0\"\n               class=\"shutterset_cdce4e6d3191ad46557f81fa59453dab\">\n                <img\n                    title=\"1_0\"\n                    alt=\"1_0\"\n                    src=\"https:\/\/www.alberovagabondo.it\/wp-content\/gallery\/orto-prima\/thumbs\/thumbs_1_0.jpg\"\n                    width=\"100\"\n                    height=\"75\"\n                    style=\"max-width:100%;\"\n                \/>\n            <\/a>\n        <\/div>\n\t\t\t\t\t\t\t<\/div> \n\t\t\t\n        \n\t\t\t\t<div id=\"ngg-image-2\" class=\"ngg-gallery-thumbnail-box\" >\n\t\t\t\t        <div class=\"ngg-gallery-thumbnail\">\n            <a href=\"https:\/\/www.alberovagabondo.it\/wp-content\/gallery\/orto-prima\/2.jpg\"\n               title=\"\"\n               data-src=\"https:\/\/www.alberovagabondo.it\/wp-content\/gallery\/orto-prima\/2.jpg\"\n               data-thumbnail=\"https:\/\/www.alberovagabondo.it\/wp-content\/gallery\/orto-prima\/thumbs\/thumbs_2.jpg\"\n               data-image-id=\"421\"\n               data-title=\"2\"\n               data-description=\"\"\n               data-image-slug=\"2-14\"\n               class=\"shutterset_cdce4e6d3191ad46557f81fa59453dab\">\n                <img\n                    title=\"2\"\n                    alt=\"2\"\n                    src=\"https:\/\/www.alberovagabondo.it\/wp-content\/gallery\/orto-prima\/thumbs\/thumbs_2.jpg\"\n                    width=\"100\"\n                    height=\"75\"\n                    style=\"max-width:100%;\"\n                \/>\n            <\/a>\n        <\/div>\n\t\t\t\t\t\t\t<\/div> \n\t\t\t\n        \n\t\t\t\t<div id=\"ngg-image-3\" class=\"ngg-gallery-thumbnail-box\" >\n\t\t\t\t        <div class=\"ngg-gallery-thumbnail\">\n            <a href=\"https:\/\/www.alberovagabondo.it\/wp-content\/gallery\/orto-prima\/2_0.jpg\"\n               title=\"\"\n               data-src=\"https:\/\/www.alberovagabondo.it\/wp-content\/gallery\/orto-prima\/2_0.jpg\"\n               data-thumbnail=\"https:\/\/www.alberovagabondo.it\/wp-content\/gallery\/orto-prima\/thumbs\/thumbs_2_0.jpg\"\n               data-image-id=\"422\"\n               data-title=\"2_0\"\n               data-description=\"\"\n               data-image-slug=\"2_0\"\n               class=\"shutterset_cdce4e6d3191ad46557f81fa59453dab\">\n                <img\n                    title=\"2_0\"\n                    alt=\"2_0\"\n                    src=\"https:\/\/www.alberovagabondo.it\/wp-content\/gallery\/orto-prima\/thumbs\/thumbs_2_0.jpg\"\n                    width=\"100\"\n                    height=\"75\"\n                    style=\"max-width:100%;\"\n                \/>\n            <\/a>\n        <\/div>\n\t\t\t\t\t\t\t<\/div> \n\t\t\t\n        \n\t\t\t\t<div id=\"ngg-image-4\" class=\"ngg-gallery-thumbnail-box\" >\n\t\t\t\t        <div class=\"ngg-gallery-thumbnail\">\n            <a href=\"https:\/\/www.alberovagabondo.it\/wp-content\/gallery\/orto-prima\/3.jpg\"\n               title=\"\"\n               data-src=\"https:\/\/www.alberovagabondo.it\/wp-content\/gallery\/orto-prima\/3.jpg\"\n               data-thumbnail=\"https:\/\/www.alberovagabondo.it\/wp-content\/gallery\/orto-prima\/thumbs\/thumbs_3.jpg\"\n               data-image-id=\"423\"\n               data-title=\"3\"\n               data-description=\"\"\n               data-image-slug=\"3-17\"\n               class=\"shutterset_cdce4e6d3191ad46557f81fa59453dab\">\n                <img\n                    title=\"3\"\n                    alt=\"3\"\n                    src=\"https:\/\/www.alberovagabondo.it\/wp-content\/gallery\/orto-prima\/thumbs\/thumbs_3.jpg\"\n                    width=\"100\"\n                    height=\"75\"\n                    style=\"max-width:100%;\"\n                \/>\n            <\/a>\n        <\/div>\n\t\t\t\t\t\t\t<\/div> \n\t\t\t\n        \n\t\t\t\t<div id=\"ngg-image-5\" class=\"ngg-gallery-thumbnail-box\" >\n\t\t\t\t        <div class=\"ngg-gallery-thumbnail\">\n            <a href=\"https:\/\/www.alberovagabondo.it\/wp-content\/gallery\/orto-prima\/3_0.jpg\"\n               title=\"\"\n               data-src=\"https:\/\/www.alberovagabondo.it\/wp-content\/gallery\/orto-prima\/3_0.jpg\"\n               data-thumbnail=\"https:\/\/www.alberovagabondo.it\/wp-content\/gallery\/orto-prima\/thumbs\/thumbs_3_0.jpg\"\n               data-image-id=\"424\"\n               data-title=\"3_0\"\n               data-description=\"\"\n               data-image-slug=\"3_0\"\n               class=\"shutterset_cdce4e6d3191ad46557f81fa59453dab\">\n                <img\n                    title=\"3_0\"\n                    alt=\"3_0\"\n                    src=\"https:\/\/www.alberovagabondo.it\/wp-content\/gallery\/orto-prima\/thumbs\/thumbs_3_0.jpg\"\n                    width=\"100\"\n                    height=\"75\"\n                    style=\"max-width:100%;\"\n                \/>\n            <\/a>\n        <\/div>\n\t\t\t\t\t\t\t<\/div> \n\t\t\t\n        \n\t\t\t\t<div id=\"ngg-image-6\" class=\"ngg-gallery-thumbnail-box\" >\n\t\t\t\t        <div class=\"ngg-gallery-thumbnail\">\n            <a href=\"https:\/\/www.alberovagabondo.it\/wp-content\/gallery\/orto-prima\/4.jpg\"\n               title=\"\"\n               data-src=\"https:\/\/www.alberovagabondo.it\/wp-content\/gallery\/orto-prima\/4.jpg\"\n               data-thumbnail=\"https:\/\/www.alberovagabondo.it\/wp-content\/gallery\/orto-prima\/thumbs\/thumbs_4.jpg\"\n               data-image-id=\"425\"\n               data-title=\"4\"\n               data-description=\"\"\n               data-image-slug=\"4-18\"\n               class=\"shutterset_cdce4e6d3191ad46557f81fa59453dab\">\n                <img\n                    title=\"4\"\n                    alt=\"4\"\n                    src=\"https:\/\/www.alberovagabondo.it\/wp-content\/gallery\/orto-prima\/thumbs\/thumbs_4.jpg\"\n                    width=\"100\"\n                    height=\"75\"\n                    style=\"max-width:100%;\"\n                \/>\n            <\/a>\n        <\/div>\n\t\t\t\t\t\t\t<\/div> \n\t\t\t\n        \n\t\t\t\t<div id=\"ngg-image-7\" class=\"ngg-gallery-thumbnail-box\" >\n\t\t\t\t        <div class=\"ngg-gallery-thumbnail\">\n            <a href=\"https:\/\/www.alberovagabondo.it\/wp-content\/gallery\/orto-prima\/4_0.jpg\"\n               title=\"\"\n               data-src=\"https:\/\/www.alberovagabondo.it\/wp-content\/gallery\/orto-prima\/4_0.jpg\"\n               data-thumbnail=\"https:\/\/www.alberovagabondo.it\/wp-content\/gallery\/orto-prima\/thumbs\/thumbs_4_0.jpg\"\n               data-image-id=\"426\"\n               data-title=\"4_0\"\n               data-description=\"\"\n               data-image-slug=\"4_0\"\n               class=\"shutterset_cdce4e6d3191ad46557f81fa59453dab\">\n                <img\n                    title=\"4_0\"\n                    alt=\"4_0\"\n                    src=\"https:\/\/www.alberovagabondo.it\/wp-content\/gallery\/orto-prima\/thumbs\/thumbs_4_0.jpg\"\n                    width=\"100\"\n                    height=\"75\"\n                    style=\"max-width:100%;\"\n                \/>\n            <\/a>\n        <\/div>\n\t\t\t\t\t\t\t<\/div> \n\t\t\t\n        \n\t\t\t\t<div id=\"ngg-image-8\" class=\"ngg-gallery-thumbnail-box\" >\n\t\t\t\t        <div class=\"ngg-gallery-thumbnail\">\n            <a href=\"https:\/\/www.alberovagabondo.it\/wp-content\/gallery\/orto-prima\/5.jpg\"\n               title=\"\"\n               data-src=\"https:\/\/www.alberovagabondo.it\/wp-content\/gallery\/orto-prima\/5.jpg\"\n               data-thumbnail=\"https:\/\/www.alberovagabondo.it\/wp-content\/gallery\/orto-prima\/thumbs\/thumbs_5.jpg\"\n               data-image-id=\"427\"\n               data-title=\"5\"\n               data-description=\"\"\n               data-image-slug=\"5-18\"\n               class=\"shutterset_cdce4e6d3191ad46557f81fa59453dab\">\n                <img\n                    title=\"5\"\n                    alt=\"5\"\n                    src=\"https:\/\/www.alberovagabondo.it\/wp-content\/gallery\/orto-prima\/thumbs\/thumbs_5.jpg\"\n                    width=\"100\"\n                    height=\"75\"\n                    style=\"max-width:100%;\"\n                \/>\n            <\/a>\n        <\/div>\n\t\t\t\t\t\t\t<\/div> \n\t\t\t\n        \n\t\t\t\t<div id=\"ngg-image-9\" class=\"ngg-gallery-thumbnail-box\" >\n\t\t\t\t        <div class=\"ngg-gallery-thumbnail\">\n            <a href=\"https:\/\/www.alberovagabondo.it\/wp-content\/gallery\/orto-prima\/6.jpg\"\n               title=\"\"\n               data-src=\"https:\/\/www.alberovagabondo.it\/wp-content\/gallery\/orto-prima\/6.jpg\"\n               data-thumbnail=\"https:\/\/www.alberovagabondo.it\/wp-content\/gallery\/orto-prima\/thumbs\/thumbs_6.jpg\"\n               data-image-id=\"428\"\n               data-title=\"6\"\n               data-description=\"\"\n               data-image-slug=\"6-18\"\n               class=\"shutterset_cdce4e6d3191ad46557f81fa59453dab\">\n                <img\n                    title=\"6\"\n                    alt=\"6\"\n                    src=\"https:\/\/www.alberovagabondo.it\/wp-content\/gallery\/orto-prima\/thumbs\/thumbs_6.jpg\"\n                    width=\"100\"\n                    height=\"75\"\n                    style=\"max-width:100%;\"\n                \/>\n            <\/a>\n        <\/div>\n\t\t\t\t\t\t\t<\/div> \n\t\t\t\n        \n\t\t\n\t\t<!-- Pagination -->\n\t<div class='ngg-clear'><\/div>\t<\/div>\n<\/div>\n","protected":false},"excerpt":{"rendered":"<p>Presso l&#8217;IISS De Sanctis di Sant&#8217;Angelo de Lombardi (AV), tra la primavera e l&#8217;estate 2010, \u00e8 stato realizzato il primo esperimento di orto biologico dell&#8217;Albero Vagabondo. Il nostro \u00e8 un orto che nasce con il preciso intento di educare i ragazzi al rispetto della terra. Per questo motivo, ancora pi\u00f9 dell&#8217;orto, \u00e8 importante la fase &hellip; <a href=\"https:\/\/www.alberovagabondo.it\/?p=605\" class=\"more-link\">Continua la lettura di <span class=\"screen-reader-text\">S.Angelo dei Lombardi &#8211; Pulizia 1\/4<\/span> <span class=\"meta-nav\">&rarr;<\/span><\/a><\/p>\n","protected":false},"author":1,"featured_media":0,"comment_status":"open","ping_status":"open","sticky":false,"template":"","format":"standard","meta":{"ngg_post_thumbnail":0},"categories":[48],"tags":[],"_links":{"self":[{"href":"https:\/\/www.alberovagabondo.it\/index.php?rest_route=\/wp\/v2\/posts\/605"}],"collection":[{"href":"https:\/\/www.alberovagabondo.it\/index.php?rest_route=\/wp\/v2\/posts"}],"about":[{"href":"https:\/\/www.alberovagabondo.it\/index.php?rest_route=\/wp\/v2\/types\/post"}],"author":[{"embeddable":true,"href":"https:\/\/www.alberovagabondo.it\/index.php?rest_route=\/wp\/v2\/users\/1"}],"replies":[{"embeddable":true,"href":"https:\/\/www.alberovagabondo.it\/index.php?rest_route=%2Fwp%2Fv2%2Fcomments&post=605"}],"version-history":[{"count":8,"href":"https:\/\/www.alberovagabondo.it\/index.php?rest_route=\/wp\/v2\/posts\/605\/revisions"}],"predecessor-version":[{"id":608,"href":"https:\/\/www.alberovagabondo.it\/index.php?rest_route=\/wp\/v2\/posts\/605\/revisions\/608"}],"wp:attachment":[{"href":"https:\/\/www.alberovagabondo.it\/index.php?rest_route=%2Fwp%2Fv2%2Fmedia&parent=605"}],"wp:term":[{"taxonomy":"category","embeddable":true,"href":"https:\/\/www.alberovagabondo.it\/index.php?rest_route=%2Fwp%2Fv2%2Fcategories&post=605"},{"taxonomy":"post_tag","embeddable":true,"href":"https:\/\/www.alberovagabondo.it\/index.php?rest_route=%2Fwp%2Fv2%2Ftags&post=605"}],"curies":[{"name":"wp","href":"https:\/\/api.w.org\/{rel}","templated":true}]}}