{"id":921,"date":"2011-08-20T16:39:56","date_gmt":"2011-08-20T16:39:56","guid":{"rendered":"http:\/\/www.alberovagabondo.it\/?p=921"},"modified":"2011-09-02T15:59:27","modified_gmt":"2011-09-02T15:59:27","slug":"terra-e-liberta-agricoltura-biologica-e-biodinamica-nei-picentini","status":"publish","type":"post","link":"https:\/\/www.alberovagabondo.it\/?p=921","title":{"rendered":"Terr\u00e0 e libert\u00e0 agricoltura biologica e biodinamica nei Picentini."},"content":{"rendered":"<div style=\"text-align: justify;\"><img loading=\"lazy\" class=\"alignleft size-thumbnail wp-image-923\" title=\"8\" src=\"http:\/\/www.alberovagabondo.it\/wp-content\/uploads\/2011\/08\/8-150x150.jpg\" alt=\"\" width=\"150\" height=\"150\" \/>Chi lavora la terra sa che la lentezza \u00e8 un valore, la pazienza un requisito, la costanza una necessit\u00e0. A Montella, tra il Convento di San Francesco a Folloni e il fiume Calore \u00e8 in atto, dal 2001, un vero e proprio \u201cesperimento di sostenibilit\u00e0 ambientale\u201d, una possibilit\u00e0 di economia altra interlacciata a realt\u00e0 delimitate che<!--more continua...--> globalmente, a piccoli, inesorabili passi recuperano alla Terra il rispetto dovuto. Giovanni di Genua, montellese, \u00e8 il principale riferimento dell\u2019esperimento \u201cAccoglienza rurale Terra e Libert\u00e0\u201d che fa parte della rete campana \u201cRagna-tela\u201d (all\u2019interno del movimento nazionale \u201cGenuino Clandestino\u201d) ed \u00e8 anche uno dei rappresentanti nazionali di \u201cCampagna per l\u2019agricoltura contadina\u201d. L\u2019obiettivo comune \u00e8 la libera lavorazione dei prodotti della terra secondo pratiche colturali legate all\u2019agricoltura biologica, biodinamica, sinergica dove pesticidi e fitofarmaci sono aboliti e per le semine si usa ancora il calendario lunare.<br \/>\n<strong>Come \u00e8 iniziato tutto?<\/strong><br \/>\nHo studiato economia ambientale, a Siena e poi ho deciso di tornare e restare. Non avevo mai lavorato la terra prima, non sapevo nemmeno cosa fosse una zappa, eppure, nel 2001, insieme a una decina di amici abbiamo scelto questa strada. Io sono sempre rimasto qui per dieci anni, a garantire un punto di riferimento per chi andava e veniva, partiva e, a volte, ritornava. Nel 2004 abbiamo raggiunto l\u2019autosufficienza alimentare e, oltre alle nostre gallinelle, abbiamo preso una mucca, due maiali, tre pecore, li tenevamo allo stato brado e integravamo l\u2019alimentazione con i residui delle colture alternando le fienagioni per il sovescio ai cereali. Nel 2005 e nel 2006 abbiamo raccolto i frutti e partecipato a tutta una serie di eventi comunicando all\u2019esterno il nostro progetto. Quando l\u2019auto sostentamento non ci bastava pi\u00f9 si \u00e8 posto per tutti noi il problema di generare reddito e abbiamo deciso di ristrutturare lo stabile per fare ospitalit\u00e0, cultura e contesto. Dal 2008 siamo \u201cAccoglienza rurale Terra e Libert\u00e0\u201d che entrer\u00e0 in funzione a pieno regime ad agosto.<br \/>\n<strong>E\u2019 stato facile?<\/strong><br \/>\nE\u2019 stato complicato quanto lo \u00e8 far quadrare bioedilizia e calcoli statistici e ancor di pi\u00f9 seguire le pratiche per i finanziamenti europei. Eppure ci siamo riusciti. Le nostre strutture, adesso, hanno impianti di fitodepurazione per le acque reflue, solare termico per l\u2019acqua calda, fotovoltaico per l\u2019energia elettrica. Abbiamo usato solo calce, pietra e legno (il cemento non \u00e8 ammesso in bioedilizia), tutto il legno proviene dai nostri fondi e le ditte impiegate, i materiali e gli artigiani sono locali. Siamo stati fortunati, abbiamo potuto intraprendere questa strada perch\u00e9 ne avevamo le potenzialit\u00e0, siamo riusciti a entrare nel mercato seguendo ogni regola, ma restando coerenti alla nostra filosofia.<br \/>\n<strong>Il vostro \u00e8 un caso emblematico, ma non tutti ce la fanno\u2026<\/strong><br \/>\nChi produce per l\u2019autosufficienza e vuole vendere il surplus &#8211; innescando cos\u00ec un processo di decrescita virtuoso &#8211; attualmente non pu\u00f2 permettersi i costi fissati dalla legge visto che le direttive europee a livello nazionale e locale vengono semplicemente ricalcate non tenendo conto delle esigenze dei piccoli produttori. Ma ci sono luoghi, come in Trentino, dove si ragiona ancora in termini di uomo legato alla terra. Qui se hai cucina e bagno puoi preparare da mangiare, se vivi all\u2019interno del tuo pezzo di terra puoi vendere il tuo prodotto sia fresco sia trasformato e senza bisogno di autorizzazioni sanitarie.<br \/>\n<strong>Quali sono le soluzioni che proporrete?<\/strong><br \/>\nSono riassumibili in due punti. 1) Genuino Clandestino (al cui interno ci sono i produttori, quelli che conservano i semi, la cultura, la conoscenza) propone la \u201ccertificazione partecipata\u201d basata sulla conoscenza tra me che produco e te che consumi, abbattendo gli intermediari; non \u00e8 una vendita \u00e8 una produzione per conto terzi.<br \/>\n2) Campagna contadina (di cui fanno parte le associazioni e le organizzazioni di settore) si sta adoperando dal 2009 per una proposta di legge da presentare a tutte le realt\u00e0 regionali al fine di consentire a chi produce in maniera naturale, a chi ha l\u2019azienda all\u2019interno del proprio fondo di consorziarsi con altre persone per vendere trasformare e distribuire i propri prodotti.<br \/>\nPer questo motivo a Napoli, a Piazza Mercato il 15 e il 16 aprile 2011 si terr\u00e0 un incontro nazionale in preparazione del vertice mondiale per la sovranit\u00e0 alimentare di agosto a Krems, in Austria. L\u00ec presenteremo di nuovo le nostre proposte.<br \/>\n<strong>E nel frattempo?<\/strong><br \/>\nDobbiamo prenderci cura della terra. Le persone non hanno pi\u00f9 la conoscenza materiale della possibilit\u00e0 di trasformare le cose e anche se partecipano entusiasti ai nostri mercatini biologici il giorno dopo saranno costretti ad acquistare merci che non sono sostenibili, non sono in equilibrio. E\u2019 evidente, non possiamo tornare indietro, per\u00f2 possiamo ricreare una societ\u00e0 simile alla nostra attraverso un modello di decrescita. Sar\u00e0 difficile, ma \u00e8 l\u2019unica strada percorribile visto che non possiamo restaurare la terra, ne abbiamo solo una.&nbsp;<\/p>\n<\/div>\n<p><em>Autore Virginiano Spiniello, Il Mattino di Avellino, 30 marzo 2011<br \/>\n<\/em><br \/>\n<!-- index.php -->\n<div\n\tclass=\"ngg-galleryoverview ngg-ajax-pagination-none\"\n\tid=\"ngg-gallery-be110ee37ec189a7b2b4b8fd8d653b57-1\">\n\n    \t<div class=\"slideshowlink\">\n        <a href='https:\/\/www.alberovagabondo.it\/index.php\/nggallery\/slideshow?p=921'>[Show as slideshow]<\/a>\n\t\t\n\t<\/div>\n\t\t\t<!-- Thumbnails -->\n\t\t\t\t<div id=\"ngg-image-0\" class=\"ngg-gallery-thumbnail-box\" >\n\t\t\t\t        <div class=\"ngg-gallery-thumbnail\">\n            <a href=\"https:\/\/www.alberovagabondo.it\/wp-content\/gallery\/terra-e-liberta\/1.jpg\"\n               title=\"\"\n               data-src=\"https:\/\/www.alberovagabondo.it\/wp-content\/gallery\/terra-e-liberta\/1.jpg\"\n               data-thumbnail=\"https:\/\/www.alberovagabondo.it\/wp-content\/gallery\/terra-e-liberta\/thumbs\/thumbs_1.jpg\"\n               data-image-id=\"688\"\n               data-title=\"1\"\n               data-description=\"\"\n               data-image-slug=\"1-29\"\n               class=\"shutterset_be110ee37ec189a7b2b4b8fd8d653b57\">\n                <img\n                    title=\"1\"\n                    alt=\"1\"\n                    src=\"https:\/\/www.alberovagabondo.it\/wp-content\/gallery\/terra-e-liberta\/thumbs\/thumbs_1.jpg\"\n                    width=\"100\"\n                    height=\"75\"\n                    style=\"max-width:100%;\"\n                \/>\n            <\/a>\n        <\/div>\n\t\t\t\t\t\t\t<\/div> \n\t\t\t\n        \n\t\t\t\t<div id=\"ngg-image-1\" class=\"ngg-gallery-thumbnail-box\" >\n\t\t\t\t        <div class=\"ngg-gallery-thumbnail\">\n            <a href=\"https:\/\/www.alberovagabondo.it\/wp-content\/gallery\/terra-e-liberta\/2.jpg\"\n               title=\"\"\n               data-src=\"https:\/\/www.alberovagabondo.it\/wp-content\/gallery\/terra-e-liberta\/2.jpg\"\n               data-thumbnail=\"https:\/\/www.alberovagabondo.it\/wp-content\/gallery\/terra-e-liberta\/thumbs\/thumbs_2.jpg\"\n               data-image-id=\"689\"\n               data-title=\"2\"\n               data-description=\"\"\n               data-image-slug=\"2-29\"\n               class=\"shutterset_be110ee37ec189a7b2b4b8fd8d653b57\">\n                <img\n                    title=\"2\"\n                    alt=\"2\"\n                    src=\"https:\/\/www.alberovagabondo.it\/wp-content\/gallery\/terra-e-liberta\/thumbs\/thumbs_2.jpg\"\n                    width=\"100\"\n                    height=\"75\"\n                    style=\"max-width:100%;\"\n                \/>\n            <\/a>\n        <\/div>\n\t\t\t\t\t\t\t<\/div> \n\t\t\t\n        \n\t\t\t\t<div id=\"ngg-image-2\" class=\"ngg-gallery-thumbnail-box\" >\n\t\t\t\t        <div class=\"ngg-gallery-thumbnail\">\n            <a href=\"https:\/\/www.alberovagabondo.it\/wp-content\/gallery\/terra-e-liberta\/3.jpg\"\n               title=\"\"\n               data-src=\"https:\/\/www.alberovagabondo.it\/wp-content\/gallery\/terra-e-liberta\/3.jpg\"\n               data-thumbnail=\"https:\/\/www.alberovagabondo.it\/wp-content\/gallery\/terra-e-liberta\/thumbs\/thumbs_3.jpg\"\n               data-image-id=\"690\"\n               data-title=\"3\"\n               data-description=\"\"\n               data-image-slug=\"3-31\"\n               class=\"shutterset_be110ee37ec189a7b2b4b8fd8d653b57\">\n                <img\n                    title=\"3\"\n                    alt=\"3\"\n                    src=\"https:\/\/www.alberovagabondo.it\/wp-content\/gallery\/terra-e-liberta\/thumbs\/thumbs_3.jpg\"\n                    width=\"100\"\n                    height=\"75\"\n                    style=\"max-width:100%;\"\n                \/>\n            <\/a>\n        <\/div>\n\t\t\t\t\t\t\t<\/div> \n\t\t\t\n        \n\t\t\t\t<div id=\"ngg-image-3\" class=\"ngg-gallery-thumbnail-box\" >\n\t\t\t\t        <div class=\"ngg-gallery-thumbnail\">\n            <a href=\"https:\/\/www.alberovagabondo.it\/wp-content\/gallery\/terra-e-liberta\/4.jpg\"\n               title=\"\"\n               data-src=\"https:\/\/www.alberovagabondo.it\/wp-content\/gallery\/terra-e-liberta\/4.jpg\"\n               data-thumbnail=\"https:\/\/www.alberovagabondo.it\/wp-content\/gallery\/terra-e-liberta\/thumbs\/thumbs_4.jpg\"\n               data-image-id=\"691\"\n               data-title=\"4\"\n               data-description=\"\"\n               data-image-slug=\"4-34\"\n               class=\"shutterset_be110ee37ec189a7b2b4b8fd8d653b57\">\n                <img\n                    title=\"4\"\n                    alt=\"4\"\n                    src=\"https:\/\/www.alberovagabondo.it\/wp-content\/gallery\/terra-e-liberta\/thumbs\/thumbs_4.jpg\"\n                    width=\"100\"\n                    height=\"75\"\n                    style=\"max-width:100%;\"\n                \/>\n            <\/a>\n        <\/div>\n\t\t\t\t\t\t\t<\/div> \n\t\t\t\n        \n\t\t\t\t<div id=\"ngg-image-4\" class=\"ngg-gallery-thumbnail-box\" >\n\t\t\t\t        <div class=\"ngg-gallery-thumbnail\">\n            <a href=\"https:\/\/www.alberovagabondo.it\/wp-content\/gallery\/terra-e-liberta\/5.jpg\"\n               title=\"\"\n               data-src=\"https:\/\/www.alberovagabondo.it\/wp-content\/gallery\/terra-e-liberta\/5.jpg\"\n               data-thumbnail=\"https:\/\/www.alberovagabondo.it\/wp-content\/gallery\/terra-e-liberta\/thumbs\/thumbs_5.jpg\"\n               data-image-id=\"692\"\n               data-title=\"5\"\n               data-description=\"\"\n               data-image-slug=\"5-30\"\n               class=\"shutterset_be110ee37ec189a7b2b4b8fd8d653b57\">\n                <img\n                    title=\"5\"\n                    alt=\"5\"\n                    src=\"https:\/\/www.alberovagabondo.it\/wp-content\/gallery\/terra-e-liberta\/thumbs\/thumbs_5.jpg\"\n                    width=\"100\"\n                    height=\"75\"\n                    style=\"max-width:100%;\"\n                \/>\n            <\/a>\n        <\/div>\n\t\t\t\t\t\t\t<\/div> \n\t\t\t\n        \n\t\t\t\t<div id=\"ngg-image-5\" class=\"ngg-gallery-thumbnail-box\" >\n\t\t\t\t        <div class=\"ngg-gallery-thumbnail\">\n            <a href=\"https:\/\/www.alberovagabondo.it\/wp-content\/gallery\/terra-e-liberta\/6.jpg\"\n               title=\"\"\n               data-src=\"https:\/\/www.alberovagabondo.it\/wp-content\/gallery\/terra-e-liberta\/6.jpg\"\n               data-thumbnail=\"https:\/\/www.alberovagabondo.it\/wp-content\/gallery\/terra-e-liberta\/thumbs\/thumbs_6.jpg\"\n               data-image-id=\"693\"\n               data-title=\"6\"\n               data-description=\"\"\n               data-image-slug=\"6-31\"\n               class=\"shutterset_be110ee37ec189a7b2b4b8fd8d653b57\">\n                <img\n                    title=\"6\"\n                    alt=\"6\"\n                    src=\"https:\/\/www.alberovagabondo.it\/wp-content\/gallery\/terra-e-liberta\/thumbs\/thumbs_6.jpg\"\n                    width=\"100\"\n                    height=\"75\"\n                    style=\"max-width:100%;\"\n                \/>\n            <\/a>\n        <\/div>\n\t\t\t\t\t\t\t<\/div> \n\t\t\t\n        \n\t\t\t\t<div id=\"ngg-image-6\" class=\"ngg-gallery-thumbnail-box\" >\n\t\t\t\t        <div class=\"ngg-gallery-thumbnail\">\n            <a href=\"https:\/\/www.alberovagabondo.it\/wp-content\/gallery\/terra-e-liberta\/8.jpg\"\n               title=\"\"\n               data-src=\"https:\/\/www.alberovagabondo.it\/wp-content\/gallery\/terra-e-liberta\/8.jpg\"\n               data-thumbnail=\"https:\/\/www.alberovagabondo.it\/wp-content\/gallery\/terra-e-liberta\/thumbs\/thumbs_8.jpg\"\n               data-image-id=\"694\"\n               data-title=\"8\"\n               data-description=\"\"\n               data-image-slug=\"8-24\"\n               class=\"shutterset_be110ee37ec189a7b2b4b8fd8d653b57\">\n                <img\n                    title=\"8\"\n                    alt=\"8\"\n                    src=\"https:\/\/www.alberovagabondo.it\/wp-content\/gallery\/terra-e-liberta\/thumbs\/thumbs_8.jpg\"\n                    width=\"100\"\n                    height=\"75\"\n                    style=\"max-width:100%;\"\n                \/>\n            <\/a>\n        <\/div>\n\t\t\t\t\t\t\t<\/div> \n\t\t\t\n        \n\t\t\n\t\t<!-- Pagination -->\n\t<div class='ngg-clear'><\/div>\t<\/div>\n<\/p>\n","protected":false},"excerpt":{"rendered":"<p>Chi lavora la terra sa che la lentezza \u00e8 un valore, la pazienza un requisito, la costanza una necessit\u00e0. A Montella, tra il Convento di San Francesco a Folloni e il fiume Calore \u00e8 in atto, dal 2001, un vero e proprio \u201cesperimento di sostenibilit\u00e0 ambientale\u201d, una possibilit\u00e0 di economia altra interlacciata a realt\u00e0 delimitate &hellip; <a href=\"https:\/\/www.alberovagabondo.it\/?p=921\" class=\"more-link\">Continua la lettura di <span class=\"screen-reader-text\">Terr\u00e0 e libert\u00e0 agricoltura biologica e biodinamica nei Picentini.<\/span> <span class=\"meta-nav\">&rarr;<\/span><\/a><\/p>\n","protected":false},"author":1,"featured_media":0,"comment_status":"open","ping_status":"open","sticky":false,"template":"","format":"standard","meta":{"ngg_post_thumbnail":0},"categories":[63],"tags":[66,72],"_links":{"self":[{"href":"https:\/\/www.alberovagabondo.it\/index.php?rest_route=\/wp\/v2\/posts\/921"}],"collection":[{"href":"https:\/\/www.alberovagabondo.it\/index.php?rest_route=\/wp\/v2\/posts"}],"about":[{"href":"https:\/\/www.alberovagabondo.it\/index.php?rest_route=\/wp\/v2\/types\/post"}],"author":[{"embeddable":true,"href":"https:\/\/www.alberovagabondo.it\/index.php?rest_route=\/wp\/v2\/users\/1"}],"replies":[{"embeddable":true,"href":"https:\/\/www.alberovagabondo.it\/index.php?rest_route=%2Fwp%2Fv2%2Fcomments&post=921"}],"version-history":[{"count":6,"href":"https:\/\/www.alberovagabondo.it\/index.php?rest_route=\/wp\/v2\/posts\/921\/revisions"}],"predecessor-version":[{"id":1019,"href":"https:\/\/www.alberovagabondo.it\/index.php?rest_route=\/wp\/v2\/posts\/921\/revisions\/1019"}],"wp:attachment":[{"href":"https:\/\/www.alberovagabondo.it\/index.php?rest_route=%2Fwp%2Fv2%2Fmedia&parent=921"}],"wp:term":[{"taxonomy":"category","embeddable":true,"href":"https:\/\/www.alberovagabondo.it\/index.php?rest_route=%2Fwp%2Fv2%2Fcategories&post=921"},{"taxonomy":"post_tag","embeddable":true,"href":"https:\/\/www.alberovagabondo.it\/index.php?rest_route=%2Fwp%2Fv2%2Ftags&post=921"}],"curies":[{"name":"wp","href":"https:\/\/api.w.org\/{rel}","templated":true}]}}